{"id":176971,"date":"2021-04-12T07:47:15","date_gmt":"2021-04-12T05:47:15","guid":{"rendered":"https:\/\/zjarr.tv\/?p=176971"},"modified":"2021-04-12T07:47:42","modified_gmt":"2021-04-12T05:47:42","slug":"ismail-kadare-rikthehet-pas-20-vitesh-ne-vlore-takon-te-rinjte-qyteti-juaj-eshte-bere-me-i-bukur","status":"publish","type":"post","link":"https:\/\/zjarr.tv\/en\/ismail-kadare-rikthehet-pas-20-vitesh-ne-vlore-takon-te-rinjte-qyteti-juaj-eshte-bere-me-i-bukur\/","title":{"rendered":"Ismail Kadare rikthehet pas 20 vitesh n\u00eb Vlor\u00eb takon t\u00eb rinjt\u00eb: Qyteti juaj \u00ebsht\u00eb b\u00ebr\u00eb m\u00eb i bukur\u2026"},"content":{"rendered":"<p>Shkrimtari i njohur Ismail Kadare, i shoq\u00ebruar nga bashk\u00ebshortja Helena, fundjav\u00ebn ka preferuar t\u2019a kaloj\u00eb n\u00eb qytetin e Vlor\u00ebs, n\u00eb nj\u00eb bised\u00eb t\u00eb ngroht\u00eb me lexuesit dhe rinjt\u00eb e k\u00ebtij qyteti.<\/p>\n<p>Biseda u fokusua tek let\u00ebrsia dhe botimi i librit t\u00eb ri, \u201cKoh\u00eb p\u00ebr rr\u00ebfim\u201d,\u00a0t\u00eb Alda Bardhylit.<\/p>\n<p>\u201c<em>\u00cbsht\u00eb m\u00eb e leht\u00eb t\u00eb jesh i mbyllur, jo shum\u00eb i \u00e7ilt\u00ebr sepse e zot\u00ebron m\u00eb mir\u00eb bised\u00ebn, por jan\u00eb koncepte morale q\u00eb kan\u00eb lidhje me historin\u00eb njer\u00ebzore q\u00eb nuk jemi k\u00ebtu p\u00ebr ti ripar\u00eb. Vlora \u00ebsht\u00eb nj\u00eb qytet q\u00eb ka luajtur nj\u00eb rol t\u00eb r\u00ebnd\u00ebsish\u00ebm n\u00eb gj\u00ebrat e mira\u201d,<\/em>\u00a0\u00ebsht\u00eb shprehur Ismail Kadare.<\/p>\n<p>Kadareja, n\u00eb k\u00ebt\u00eb\u00a0 lib\u00ebr flet\u00a0 p\u00ebr marr\u00ebdh\u00ebnien e tij komplekse me diktatorin, Enver\u00a0 Hoxha<\/p>\n<p>Ai diskuton edhe mbi p\u00ebrpjekjet p\u00ebr t\u2019u arratisur, si edhe shpresat e tij pas shembjes s\u00eb regjimit komunist n\u00eb vitin 1990.<\/p>\n<p>Kadare,\u00a0ne k\u00ebt\u00eb lib\u00ebr t\u00eb rr\u00ebfen edhe \u00a0p\u00ebr dashurin\u00eb, let\u00ebrsin\u00eb dhe historin\u00eb e shekullit XX. \u201cKoh\u00eb p\u00ebr rr\u00ebfim\u201d,\u00a0vjen tre vjet pas botimit t\u00eb librit \u201cKur sunduesit grinden\u201d dhe publikimi i tij\u00a0 u be n\u00eb 85 vjetorin e lindjes s\u00eb\u00a0autorit, dit\u00eb kur p\u00ebr her\u00eb t\u00eb 20 Akademia e Shkencave, e shpalli kandidat zyrtar p\u00ebr \u00e7mimin Nobel.<\/p>\n<p>&nbsp;<\/p>","protected":false},"excerpt":{"rendered":"<p>Shkrimtari i njohur Ismail Kadare, i shoq\u00ebruar nga bashk\u00ebshortja Helena, fundjav\u00ebn ka preferuar t\u2019a kaloj\u00eb n\u00eb qytetin e Vlor\u00ebs, n\u00eb nj\u00eb bised\u00eb t\u00eb ngroht\u00eb me lexuesit dhe rinjt\u00eb e k\u00ebtij qyteti. Biseda u fokusua tek let\u00ebrsia dhe botimi i librit t\u00eb ri, \u201cKoh\u00eb p\u00ebr rr\u00ebfim\u201d,\u00a0t\u00eb Alda Bardhylit. \u201c\u00cbsht\u00eb m\u00eb e leht\u00eb t\u00eb jesh i mbyllur, [&hellip;]<\/p>\n","protected":false},"author":2016,"featured_media":176973,"comment_status":"closed","ping_status":"closed","sticky":false,"template":"","format":"standard","meta":{"footnotes":""},"categories":[241,337],"tags":[2323],"class_list":{"0":"post-176971","1":"post","2":"type-post","3":"status-publish","4":"format-standard","5":"has-post-thumbnail","7":"category-aktualitet","8":"category-kulture","9":"tag-lajme-zjarr-kadare-rikthehet-pas-20-vitesh-ne-vlore-zjarr-tv"},"_links":{"self":[{"href":"https:\/\/zjarr.tv\/en\/wp-json\/wp\/v2\/posts\/176971","targetHints":{"allow":["GET"]}}],"collection":[{"href":"https:\/\/zjarr.tv\/en\/wp-json\/wp\/v2\/posts"}],"about":[{"href":"https:\/\/zjarr.tv\/en\/wp-json\/wp\/v2\/types\/post"}],"author":[{"embeddable":true,"href":"https:\/\/zjarr.tv\/en\/wp-json\/wp\/v2\/users\/2016"}],"replies":[{"embeddable":true,"href":"https:\/\/zjarr.tv\/en\/wp-json\/wp\/v2\/comments?post=176971"}],"version-history":[{"count":0,"href":"https:\/\/zjarr.tv\/en\/wp-json\/wp\/v2\/posts\/176971\/revisions"}],"wp:featuredmedia":[{"embeddable":true,"href":"https:\/\/zjarr.tv\/en\/wp-json\/wp\/v2\/media\/176973"}],"wp:attachment":[{"href":"https:\/\/zjarr.tv\/en\/wp-json\/wp\/v2\/media?parent=176971"}],"wp:term":[{"taxonomy":"category","embeddable":true,"href":"https:\/\/zjarr.tv\/en\/wp-json\/wp\/v2\/categories?post=176971"},{"taxonomy":"post_tag","embeddable":true,"href":"https:\/\/zjarr.tv\/en\/wp-json\/wp\/v2\/tags?post=176971"}],"curies":[{"name":"wp","href":"https:\/\/api.w.org\/{rel}","templated":true}]}}