{"id":176986,"date":"2021-04-12T08:45:07","date_gmt":"2021-04-12T06:45:07","guid":{"rendered":"https:\/\/zjarr.tv\/?p=176986"},"modified":"2021-04-12T08:45:07","modified_gmt":"2021-04-12T06:45:07","slug":"taulant-balla-ne-stravaj-mandati-i-ri-nevojitet-per-te-transformuar-shqiperine","status":"publish","type":"post","link":"https:\/\/zjarr.tv\/en\/taulant-balla-ne-stravaj-mandati-i-ri-nevojitet-per-te-transformuar-shqiperine\/","title":{"rendered":"Taulant Balla n\u00eb Stravaj: Mandati i ri nevojitet p\u00ebr t\u00eb transformuar Shqip\u00ebrin\u00eb\u2026"},"content":{"rendered":"<p>Drejtuesi politik i Partis\u00eb Socialiste p\u00ebr Qarkun e Elbasanit, Taulant Balla, ka zhvilluar nj\u00eb takim me banor\u00ebt e fshatit Stravaj, n\u00eb Prrenjas. N\u00eb fjal\u00ebn e tij, Balla \u00ebsht\u00eb ndalur tek objektivat q\u00eb duhen realizuar, n\u00eb mandatin e ardhsh\u00ebm.<\/p>\n<p>\u201cSot jam njeriu m\u00eb i pak\u00ebnaqur q\u00eb nuk kemi arritur dot ta mbajm\u00eb angazhimin ton\u00eb kryesor p\u00ebr k\u00ebt\u00eb zon\u00eb q\u00eb \u00ebsht\u00eb \u00e7\u00ebshtja e nd\u00ebrtimit t\u00eb rrug\u00ebs s\u00eb Stravajt. Do isha njeriu m\u00eb i qet\u00eb n\u00eb bot\u00eb n\u00ebse do kishim arritur ta kryenim k\u00ebt\u00eb angazhim ndaj k\u00ebsaj zone dhe ndaj k\u00ebtyre njer\u00ebzve aq pun\u00ebtor\u00eb, aq n\u00eb pun\u00eb t\u00eb vet\u00eb dhe aq t\u00eb vuajtur prej shum\u00eb vitesh. Do kisha qen\u00eb njeriu m\u00eb i qet\u00eb n\u00ebse do ta kishim arritur k\u00ebt\u00eb objektiv por nuk duhet t\u00eb harrojm\u00eb nj\u00eb arsye t\u00eb vetme, u shpreh Balla. Mandati i ri p\u00ebr numrin dy t\u00eb Partis\u00eb Socialiste, nevojitet p\u00ebr t\u00eb transformuar Shqip\u00ebrin\u00eb. Ai tha se n\u00eb 25 Prill, do ndajm\u00eb n\u00eb \u00e7far\u00eb drejtimi do ec\u00eb vendi.<\/p>\n<p>\u201c25 prilli nuk jan\u00eb zgjedhjet e komun\u00ebs, nuk do zgjedhim as kryetarin e komun\u00ebs e as kryetarin e fshatit. N\u00eb 25 prill do ndajm\u00eb n\u00eb \u00e7far\u00eb drejtimi do ec\u00eb Shqip\u00ebria, jo n\u00eb 4 vitet e ardhshme por n\u00eb 10 e m\u00eb shum\u00eb vite t\u00eb ardhshme. Sepse n\u00eb 25 prill do ndahet, do vazhdojm\u00eb me k\u00ebt\u00eb partneritet q\u00eb kemi me SHBA apo BE-n\u00eb p\u00ebr t\u00eb \u00e7uar p\u00ebrpara reform\u00ebn n\u00eb drejt\u00ebsi apo do kthehemi mbrapsht prap! Dhe n\u00ebse ndonj\u00ebri mendon q\u00eb duhet t\u00eb kthehemi tek Ilir Meta bashk\u00eb me at\u00eb mikun e atij, Saliun, un\u00eb mendoj q\u00eb e ka gabim.<br \/>\nMbas 30 vjet\u00ebsh nuk mund t\u00eb jet\u00eb ndryshimi n\u00eb Shqip\u00ebri po t\u00eb nj\u00ebjtit njer\u00ebz.<br \/>\nUn\u00eb dua t\u00eb ju them se p\u00ebr ne \u00ebsht\u00eb shum\u00eb e r\u00ebnd\u00ebsishme q\u00eb t\u00eb \u00e7ojm\u00eb p\u00ebrpara k\u00ebt\u00eb reform\u00eb. Kjo vot\u00eb k\u00ebsaj radhe nuk \u00ebsht\u00eb nj\u00eb vot\u00eb si\u00e7 kemi pas \u00e7do 4 vite. Edi Ram\u00ebn duhet ta ndihmojm\u00eb edhe k\u00ebtu edhe Stravaj\u201d, theksoi Balla.<\/p>\n<p>Balla, i ftoi banor\u00ebt t\u00eb mb\u00ebshtesin me vot\u00eb kryeministrin Edi Rama, pasi n\u00eb k\u00ebt\u00eb m\u00ebnyr\u00eb do t\u00eb \u00e7ohen p\u00ebrpara misionet historike, p\u00ebr t\u00eb cilat ka nevoj\u00eb sot Shqip\u00ebria.<\/p>\n<p>\u201cNe duhet t\u2019i japim mund\u00ebsin\u00eb Edi Ram\u00ebs q\u00eb t\u00eb na e b\u00ebj\u00eb edhe rrug\u00ebn e Stravaj, ta b\u00ebjm\u00eb Shqip\u00ebrin\u00eb si Europa, prandaj un\u00eb dua q\u00eb k\u00ebsaj radhe t\u00eb b\u00ebhemi t\u00eb gjith\u00eb bashk\u00eb, t\u00eb b\u00ebhemi t\u00eb gjith\u00eb bashk\u00eb p\u00ebr t\u00eb \u00e7uar p\u00ebrpara k\u00ebt\u00eb mision historik, p\u00ebr ta \u00e7uar p\u00ebrpara k\u00ebt\u00eb nevoj\u00eb q\u00eb ka sot Shqip\u00ebria. Un\u00eb mendoj se ne i kemi t\u00eb gjitha mund\u00ebsit\u00eb. Kush mendon q\u00eb Stravaj \u00ebsht\u00eb nj\u00eb nj\u00ebsi e vog\u00ebl administrative, \u00e7do vot\u00eb ka r\u00ebnd\u00ebsin\u00eb e vet.<br \/>\nP\u00ebr ne \u00ebsht\u00eb shum\u00eb e r\u00ebnd\u00ebsishme q\u00eb k\u00ebsaj radhe t\u00eb bashkohemi si asnj\u00ebher\u00eb tjet\u00ebr, t\u2019i japim mund\u00ebsin\u00eb Edi Ram\u00ebs t\u00eb b\u00ebj\u00eb p\u00ebr Stravajn, at\u00eb q\u00eb ka nis t\u00eb b\u00ebj\u00eb p\u00ebr Shqip\u00ebrin\u00eb,\u201d- k\u00ebshtu e mbylli fjal\u00ebn e tij Taulant Balla.<\/p>\n<p>&nbsp;<\/p>","protected":false},"excerpt":{"rendered":"<p>Drejtuesi politik i Partis\u00eb Socialiste p\u00ebr Qarkun e Elbasanit, Taulant Balla, ka zhvilluar nj\u00eb takim me banor\u00ebt e fshatit Stravaj, n\u00eb Prrenjas. N\u00eb fjal\u00ebn e tij, Balla \u00ebsht\u00eb ndalur tek objektivat q\u00eb duhen realizuar, n\u00eb mandatin e ardhsh\u00ebm. \u201cSot jam njeriu m\u00eb i pak\u00ebnaqur q\u00eb nuk kemi arritur dot ta mbajm\u00eb angazhimin ton\u00eb kryesor p\u00ebr [&hellip;]<\/p>\n","protected":false},"author":2016,"featured_media":176988,"comment_status":"closed","ping_status":"closed","sticky":false,"template":"","format":"standard","meta":{"footnotes":""},"categories":[241,1454],"tags":[2327],"class_list":{"0":"post-176986","1":"post","2":"type-post","3":"status-publish","4":"format-standard","5":"has-post-thumbnail","7":"category-aktualitet","8":"category-politike","9":"tag-lajme-zjarr-balla-ne-stravaj-zjarr-tv"},"_links":{"self":[{"href":"https:\/\/zjarr.tv\/en\/wp-json\/wp\/v2\/posts\/176986","targetHints":{"allow":["GET"]}}],"collection":[{"href":"https:\/\/zjarr.tv\/en\/wp-json\/wp\/v2\/posts"}],"about":[{"href":"https:\/\/zjarr.tv\/en\/wp-json\/wp\/v2\/types\/post"}],"author":[{"embeddable":true,"href":"https:\/\/zjarr.tv\/en\/wp-json\/wp\/v2\/users\/2016"}],"replies":[{"embeddable":true,"href":"https:\/\/zjarr.tv\/en\/wp-json\/wp\/v2\/comments?post=176986"}],"version-history":[{"count":0,"href":"https:\/\/zjarr.tv\/en\/wp-json\/wp\/v2\/posts\/176986\/revisions"}],"wp:featuredmedia":[{"embeddable":true,"href":"https:\/\/zjarr.tv\/en\/wp-json\/wp\/v2\/media\/176988"}],"wp:attachment":[{"href":"https:\/\/zjarr.tv\/en\/wp-json\/wp\/v2\/media?parent=176986"}],"wp:term":[{"taxonomy":"category","embeddable":true,"href":"https:\/\/zjarr.tv\/en\/wp-json\/wp\/v2\/categories?post=176986"},{"taxonomy":"post_tag","embeddable":true,"href":"https:\/\/zjarr.tv\/en\/wp-json\/wp\/v2\/tags?post=176986"}],"curies":[{"name":"wp","href":"https:\/\/api.w.org\/{rel}","templated":true}]}}