{"id":176989,"date":"2021-04-12T08:54:06","date_gmt":"2021-04-12T06:54:06","guid":{"rendered":"https:\/\/zjarr.tv\/?p=176989"},"modified":"2021-04-12T08:56:39","modified_gmt":"2021-04-12T06:56:39","slug":"nga-dita-e-sotme-hyjne-ne-fuqi-masat-e-reja-levizja-lejohet-deri-ne-oren-2200","status":"publish","type":"post","link":"https:\/\/zjarr.tv\/en\/nga-dita-e-sotme-hyjne-ne-fuqi-masat-e-reja-levizja-lejohet-deri-ne-oren-2200\/","title":{"rendered":"Nga dita e sotme hyjn\u00eb n\u00eb fuqi masat e reja, l\u00ebvizja lejohet deri n\u00eb or\u00ebn 22:00\u2026"},"content":{"rendered":"<p>N\u00eb vendin ton\u00eb, duke filluar nga dita e sotme, kan\u00eb hyr\u00eb n\u00eb fuqi, masat e reja Nga sot, qarkullimi i njer\u00ebzve dhe aktiviteti, i bareve dhe restoranteve do t\u00eb shtyhet\u00a0me dy or\u00eb, pra mund t\u00eb l\u00ebvizim deri n\u00eb or\u00ebn 22:00.<\/p>\n<p>Kujtojm\u00eb q\u00eb, nj\u00eb dit\u00eb m\u00eb par\u00eb Ministrja e Sh\u00ebndet\u00ebsis\u00eb, Ogerta Manastirliu, n\u00eb mbledhje me Komitetin Teknik t\u00eb Ekspert\u00ebve, ka theksuar se duke analizuar p\u00ebrmir\u00ebsimin e situat\u00ebs jav\u00ebt e fundit, kan\u00eb vendorur q\u00eb ora e re policore, t\u00eb jet\u00eb nga ora 22:00- 06:00 t\u00eb m\u00ebngjesit.<\/p>\n<p>Gjithashtu, nj\u00eb tjet\u00ebr mas\u00eb \u00ebsht\u00eb edhe hapja e fluturimeve me Britanin\u00eb e\u00a0Madhe. Ky vendim, vjen pas\u00a0p\u00ebrmir\u00ebsimit t\u00eb situat\u00ebs pandemike, n\u00eb Britanin\u00eb e Madhe.<\/p>\n<p>T\u00eb gjitha k\u00ebto masa, do t\u00eb hyjn\u00eb n\u00eb fuqi dit\u00ebn e h\u00ebn\u00eb m\u00eb 12 prill dhe do t\u00eb jen\u00eb n\u00eb fuqi, p\u00ebr nj\u00eb periudh\u00eb kohore 2 javore.<\/p>\n<p>Leht\u00ebsimi i masave, erdhi si rezultat i uljes s\u00eb infektimeve dhe vijimin e procesit t\u00eb vaksinimit masiv, n\u00eb t\u00eb gjith\u00eb vendin.<\/p>\n<p>&nbsp;<\/p>","protected":false},"excerpt":{"rendered":"<p>N\u00eb vendin ton\u00eb, duke filluar nga dita e sotme, kan\u00eb hyr\u00eb n\u00eb fuqi, masat e reja Nga sot, qarkullimi i njer\u00ebzve dhe aktiviteti, i bareve dhe restoranteve do t\u00eb shtyhet\u00a0me dy or\u00eb, pra mund t\u00eb l\u00ebvizim deri n\u00eb or\u00ebn 22:00. Kujtojm\u00eb q\u00eb, nj\u00eb dit\u00eb m\u00eb par\u00eb Ministrja e Sh\u00ebndet\u00ebsis\u00eb, Ogerta Manastirliu, n\u00eb mbledhje me Komitetin [&hellip;]<\/p>\n","protected":false},"author":2016,"featured_media":176991,"comment_status":"closed","ping_status":"closed","sticky":false,"template":"","format":"standard","meta":{"footnotes":""},"categories":[241],"tags":[2328],"class_list":{"0":"post-176989","1":"post","2":"type-post","3":"status-publish","4":"format-standard","5":"has-post-thumbnail","7":"category-aktualitet","8":"tag-lajme-zjarr-hyjne-ne-fuqi-masat-e-reja-zjarr-tv"},"_links":{"self":[{"href":"https:\/\/zjarr.tv\/en\/wp-json\/wp\/v2\/posts\/176989","targetHints":{"allow":["GET"]}}],"collection":[{"href":"https:\/\/zjarr.tv\/en\/wp-json\/wp\/v2\/posts"}],"about":[{"href":"https:\/\/zjarr.tv\/en\/wp-json\/wp\/v2\/types\/post"}],"author":[{"embeddable":true,"href":"https:\/\/zjarr.tv\/en\/wp-json\/wp\/v2\/users\/2016"}],"replies":[{"embeddable":true,"href":"https:\/\/zjarr.tv\/en\/wp-json\/wp\/v2\/comments?post=176989"}],"version-history":[{"count":0,"href":"https:\/\/zjarr.tv\/en\/wp-json\/wp\/v2\/posts\/176989\/revisions"}],"wp:featuredmedia":[{"embeddable":true,"href":"https:\/\/zjarr.tv\/en\/wp-json\/wp\/v2\/media\/176991"}],"wp:attachment":[{"href":"https:\/\/zjarr.tv\/en\/wp-json\/wp\/v2\/media?parent=176989"}],"wp:term":[{"taxonomy":"category","embeddable":true,"href":"https:\/\/zjarr.tv\/en\/wp-json\/wp\/v2\/categories?post=176989"},{"taxonomy":"post_tag","embeddable":true,"href":"https:\/\/zjarr.tv\/en\/wp-json\/wp\/v2\/tags?post=176989"}],"curies":[{"name":"wp","href":"https:\/\/api.w.org\/{rel}","templated":true}]}}