{"id":176992,"date":"2021-04-12T09:05:42","date_gmt":"2021-04-12T07:05:42","guid":{"rendered":"https:\/\/zjarr.tv\/?p=176992"},"modified":"2021-04-12T09:07:55","modified_gmt":"2021-04-12T07:07:55","slug":"zedhenesi-i-presidences-reagon-ashper-ndaj-rames-i-semuri-i-surrelit-ka-bere-gati-dhomen-ku-do-fleje-me-26-prillfoto","status":"publish","type":"post","link":"https:\/\/zjarr.tv\/en\/zedhenesi-i-presidences-reagon-ashper-ndaj-rames-i-semuri-i-surrelit-ka-bere-gati-dhomen-ku-do-fleje-me-26-prillfoto\/","title":{"rendered":"Z\u00ebdh\u00ebn\u00ebsi i Presidenc\u00ebs reagon ashp\u00ebr ndaj Ram\u00ebs: I s\u00ebmuri i Surrelit, ka b\u00ebr\u00eb gati dhom\u00ebn ku do flej\u00eb m\u00eb 26 Prill(Foto)"},"content":{"rendered":"<p>Z\u00ebdh\u00ebn\u00ebsi i Presidenc\u00ebs Tedi Blushi, i \u00ebsht\u00eb p\u00ebrgjigjur me tone t\u00eb ashpra Kryeministrit Edi Rama, n\u00eb lidhje me artikullin p\u00ebr p\u00ebrdorimin e t\u00eb dh\u00ebnave, t\u00eb 900 mij\u00eb votuesve.<\/p>\n<p>Blushi, ka nxjerr\u00eb nj\u00eb fotografi nga Psikiatria e Vlor\u00ebs, duke th\u00ebn\u00eb se i s\u00ebmuri i Surrelit, ka b\u00ebr\u00eb gati dhom\u00ebn, ku do flej\u00eb m\u00eb 26 Prill.<\/p>\n<p><img loading=\"lazy\" decoding=\"async\" class=\"alignnone size-full wp-image-176994\" src=\"https:\/\/zjarr.tv\/wp-content\/uploads\/2021\/04\/Blushi-reagon-ndaj-Ramen.jpg\" alt=\"\" width=\"940\" height=\"788\" srcset=\"https:\/\/zjarr.tv\/wp-content\/uploads\/2021\/04\/Blushi-reagon-ndaj-Ramen.jpg 940w, https:\/\/zjarr.tv\/wp-content\/uploads\/2021\/04\/Blushi-reagon-ndaj-Ramen-300x251.jpg 300w, https:\/\/zjarr.tv\/wp-content\/uploads\/2021\/04\/Blushi-reagon-ndaj-Ramen-768x644.jpg 768w, https:\/\/zjarr.tv\/wp-content\/uploads\/2021\/04\/Blushi-reagon-ndaj-Ramen-696x583.jpg 696w, https:\/\/zjarr.tv\/wp-content\/uploads\/2021\/04\/Blushi-reagon-ndaj-Ramen-501x420.jpg 501w\" sizes=\"auto, (max-width: 940px) 100vw, 940px\" \/><\/p>\n<p>&nbsp;<\/p>","protected":false},"excerpt":{"rendered":"<p>Z\u00ebdh\u00ebn\u00ebsi i Presidenc\u00ebs Tedi Blushi, i \u00ebsht\u00eb p\u00ebrgjigjur me tone t\u00eb ashpra Kryeministrit Edi Rama, n\u00eb lidhje me artikullin p\u00ebr p\u00ebrdorimin e t\u00eb dh\u00ebnave, t\u00eb 900 mij\u00eb votuesve. Blushi, ka nxjerr\u00eb nj\u00eb fotografi nga Psikiatria e Vlor\u00ebs, duke th\u00ebn\u00eb se i s\u00ebmuri i Surrelit, ka b\u00ebr\u00eb gati dhom\u00ebn, ku do flej\u00eb m\u00eb 26 Prill. &nbsp;<\/p>","protected":false},"author":2016,"featured_media":176995,"comment_status":"closed","ping_status":"closed","sticky":false,"template":"","format":"standard","meta":{"footnotes":""},"categories":[241],"tags":[2329],"class_list":{"0":"post-176992","1":"post","2":"type-post","3":"status-publish","4":"format-standard","5":"has-post-thumbnail","7":"category-aktualitet","8":"tag-lajme-zjarr-blushi-reagon-ashper-ndaj-ramen-zjarr-tv"},"_links":{"self":[{"href":"https:\/\/zjarr.tv\/en\/wp-json\/wp\/v2\/posts\/176992","targetHints":{"allow":["GET"]}}],"collection":[{"href":"https:\/\/zjarr.tv\/en\/wp-json\/wp\/v2\/posts"}],"about":[{"href":"https:\/\/zjarr.tv\/en\/wp-json\/wp\/v2\/types\/post"}],"author":[{"embeddable":true,"href":"https:\/\/zjarr.tv\/en\/wp-json\/wp\/v2\/users\/2016"}],"replies":[{"embeddable":true,"href":"https:\/\/zjarr.tv\/en\/wp-json\/wp\/v2\/comments?post=176992"}],"version-history":[{"count":0,"href":"https:\/\/zjarr.tv\/en\/wp-json\/wp\/v2\/posts\/176992\/revisions"}],"wp:featuredmedia":[{"embeddable":true,"href":"https:\/\/zjarr.tv\/en\/wp-json\/wp\/v2\/media\/176995"}],"wp:attachment":[{"href":"https:\/\/zjarr.tv\/en\/wp-json\/wp\/v2\/media?parent=176992"}],"wp:term":[{"taxonomy":"category","embeddable":true,"href":"https:\/\/zjarr.tv\/en\/wp-json\/wp\/v2\/categories?post=176992"},{"taxonomy":"post_tag","embeddable":true,"href":"https:\/\/zjarr.tv\/en\/wp-json\/wp\/v2\/tags?post=176992"}],"curies":[{"name":"wp","href":"https:\/\/api.w.org\/{rel}","templated":true}]}}