{"id":176998,"date":"2021-04-12T09:17:14","date_gmt":"2021-04-12T07:17:14","guid":{"rendered":"https:\/\/zjarr.tv\/?p=176998"},"modified":"2021-04-12T09:18:12","modified_gmt":"2021-04-12T07:18:12","slug":"erion-veliaj-ps-eshte-e-duhura-qe-i-dha-mundesine-ne-njeriu-qe-shiste-fiq-te-behej-kryetar-bashkie","status":"publish","type":"post","link":"https:\/\/zjarr.tv\/en\/erion-veliaj-ps-eshte-e-duhura-qe-i-dha-mundesine-ne-njeriu-qe-shiste-fiq-te-behej-kryetar-bashkie\/","title":{"rendered":"Erion Veliaj: PS \u00ebsht\u00eb e duhura q\u00eb i dha mund\u00ebsin\u00eb nj\u00eb njeriu q\u00eb shiste fiq, t\u00eb b\u00ebhej Kryetar Bashkie\u2026"},"content":{"rendered":"<p>Kryebashkiaku Erion Veliaj, n\u00eb nj\u00eb takim me t\u00eb rinjt\u00eb e Kavaj\u00ebs, teksa ka folur p\u00ebr forc\u00ebn q\u00eb ai p\u00ebrfaq\u00ebson, u ka listuar atyre edhe nj\u00eb s\u00ebr\u00eb arsyesh pse sipas tij, duhet votuar nj\u00eb mandat i tret\u00eb.<\/p>\n<p>Duke p\u00ebrmendur liderin e demokrat\u00ebve Lulzim Bash\u00ebn, p\u00ebr t\u00eb cilin tha se nuk \u00ebsht\u00eb n\u00eb gjendje t\u00eb marr\u00eb as votat e familjes s\u00eb tij, Veliaj u shpreh nd\u00ebr t\u00eb tjera se PS, \u00ebsht\u00eb forca q\u00eb u jep mund\u00ebsin\u00eb t\u00eb rinjve, si\u00e7 i dha atij mund\u00ebsin\u00eb t\u00eb b\u00ebhej Kryetar Bashkie.<\/p>\n<p>\u201cEdi Rama \u00ebsht\u00eb ai q\u00eb \u00ebsht\u00eb edhe n\u00eb televizor edhe n\u00eb jet\u00ebn private edhe n\u00eb sht\u00ebpim edhe n\u00eb parti. Nd\u00ebrkoh\u00eb q\u00eb kemi n\u00eb an\u00ebn tjet\u00ebr dik\u00eb q\u00eb nuk vendos vet\u00eb, dik\u00eb q\u00eb i thot\u00eb Ilir Meta \u201cskape\u201d dhe shko tek zyra e FRD dhe vjen pas 2 or\u00ebsh, dik\u00eb q\u00eb i thot\u00eb Saliu \u201cskape\u201d dhe reago p\u00ebr at\u00eb q\u00eb ndodhi n\u00eb Rinas dhe ai i ziu reagon pas 2 dit\u00ebsh. Nj\u00eb njeri q\u00eb del nga sht\u00ebpia vet\u00ebm me vot\u00ebn e vet, s\u2019e voton as familja vet. Nj\u00eb njeri q\u00eb i hon\u00eb k\u00ebshilltar\u00ebt mos dil me Saliun se t\u00eb prish pun\u00eb, mos dil me Monik\u00ebn se t\u00eb prish pun\u00eb\u201d, u shpreh Veliaj.<\/p>\n<p>Nd\u00ebrsa foli p\u00ebr Partin\u00eb Socialiste, gjithashtu Veliaj tha: \u201cN\u00ebse kjo forc\u00eb i jep mund\u00ebsin\u00eb nj\u00eb \u00e7uni q\u00eb \u00ebsht\u00eb rrit jetim e ka shit fiq, t\u00eb b\u00ebhet kryetar bashkie, kjo forc\u00eb i jep mund\u00ebsin\u00eb \u00e7do \u00e7uni e goce n\u00eb Kavaj\u00eb t\u00eb b\u00ebhet \u00e7\u2019t\u00eb doj\u00eb, n\u00ebse ka talent, n\u00ebse djersitet, n\u00ebse punon, n\u00ebse kontribuon e n\u00ebse do q\u00eb t\u00eb jet\u00eb i dobish\u00ebm p\u00ebr njer\u00ebzit\u201d, k\u00ebshtu u shpreh Veliaj.<\/p>\n<p>&nbsp;<\/p>","protected":false},"excerpt":{"rendered":"<p>Kryebashkiaku Erion Veliaj, n\u00eb nj\u00eb takim me t\u00eb rinjt\u00eb e Kavaj\u00ebs, teksa ka folur p\u00ebr forc\u00ebn q\u00eb ai p\u00ebrfaq\u00ebson, u ka listuar atyre edhe nj\u00eb s\u00ebr\u00eb arsyesh pse sipas tij, duhet votuar nj\u00eb mandat i tret\u00eb. Duke p\u00ebrmendur liderin e demokrat\u00ebve Lulzim Bash\u00ebn, p\u00ebr t\u00eb cilin tha se nuk \u00ebsht\u00eb n\u00eb gjendje t\u00eb marr\u00eb as [&hellip;]<\/p>\n","protected":false},"author":2016,"featured_media":177000,"comment_status":"closed","ping_status":"closed","sticky":false,"template":"","format":"standard","meta":{"footnotes":""},"categories":[241,1454],"tags":[2330],"class_list":{"0":"post-176998","1":"post","2":"type-post","3":"status-publish","4":"format-standard","5":"has-post-thumbnail","7":"category-aktualitet","8":"category-politike","9":"tag-lajme-zjarr-veliaj-ps-eshte-e-duhura-zjarr-tv"},"_links":{"self":[{"href":"https:\/\/zjarr.tv\/en\/wp-json\/wp\/v2\/posts\/176998","targetHints":{"allow":["GET"]}}],"collection":[{"href":"https:\/\/zjarr.tv\/en\/wp-json\/wp\/v2\/posts"}],"about":[{"href":"https:\/\/zjarr.tv\/en\/wp-json\/wp\/v2\/types\/post"}],"author":[{"embeddable":true,"href":"https:\/\/zjarr.tv\/en\/wp-json\/wp\/v2\/users\/2016"}],"replies":[{"embeddable":true,"href":"https:\/\/zjarr.tv\/en\/wp-json\/wp\/v2\/comments?post=176998"}],"version-history":[{"count":0,"href":"https:\/\/zjarr.tv\/en\/wp-json\/wp\/v2\/posts\/176998\/revisions"}],"wp:featuredmedia":[{"embeddable":true,"href":"https:\/\/zjarr.tv\/en\/wp-json\/wp\/v2\/media\/177000"}],"wp:attachment":[{"href":"https:\/\/zjarr.tv\/en\/wp-json\/wp\/v2\/media?parent=176998"}],"wp:term":[{"taxonomy":"category","embeddable":true,"href":"https:\/\/zjarr.tv\/en\/wp-json\/wp\/v2\/categories?post=176998"},{"taxonomy":"post_tag","embeddable":true,"href":"https:\/\/zjarr.tv\/en\/wp-json\/wp\/v2\/tags?post=176998"}],"curies":[{"name":"wp","href":"https:\/\/api.w.org\/{rel}","templated":true}]}}