{"id":177024,"date":"2021-04-12T10:37:54","date_gmt":"2021-04-12T08:37:54","guid":{"rendered":"https:\/\/zjarr.tv\/?p=177024"},"modified":"2021-04-12T10:37:54","modified_gmt":"2021-04-12T08:37:54","slug":"nuk-permbahet-myslim-murrizi-votoni-kunder-servileve-qe-te-shpetojme-vendin-nga-plehrat","status":"publish","type":"post","link":"https:\/\/zjarr.tv\/en\/nuk-permbahet-myslim-murrizi-votoni-kunder-servileve-qe-te-shpetojme-vendin-nga-plehrat\/","title":{"rendered":"Nuk p\u00ebrmbahet Myslim Murrizi: Votoni kund\u00ebr servil\u00ebve q\u00eb t\u00eb shp\u00ebtojm\u00eb vendin nga plehrat\u2026"},"content":{"rendered":"<p>Kreu i Partis\u00eb \u201cL\u00ebvizja Demokratike Shqiptare\u201d, Myslim Murrizi, ka zhvilluar nj\u00eb takim me disa nga ish-themeluesit dhe kontribuesit nd\u00ebr vite t\u00eb Partis\u00eb Demokratike, ku dhe vet\u00eb Murrizi ka dh\u00ebn\u00eb kontribut q\u00eb prej l\u00ebvizjes s\u00eb student\u00ebve t\u00eb dhjetorit 1990.<\/p>\n<p>Sipas Murrizit, prej 30 vitesh Shqip\u00ebria drejtohet s\u00ebrish nga ish-komunist\u00eb dhe ish-spiun\u00eb t\u00eb sigurimit.<\/p>\n<p><strong style=\"font-style: inherit;\">Deklarata e Murrizit:<\/strong><\/p>\n<p><em style=\"font-weight: inherit;\"> \u201cPrej 20 vitesh ka patur n\u00eb spektrin politik dhe n\u00eb qeverisjen e vendit 3 parti t\u00eb majta n\u00eb program, n\u00eb bindje dhe n\u00eb ide e me n\u00eb krye hajdut\u00eb t\u00eb pist\u00eb, vemje, servil\u00eb, komunist\u00eb dhe pjell\u00ebn e tyre ose \u201ckopil\u00ebt \u201ce bllokut.<\/em><\/p>\n<p><em style=\"font-weight: inherit;\">Me 25 prill ftoj \u00e7do shqiptar\u00eb q\u00eb nuk ngjan e nuk ka lidhje me ta, t\u00eb votoj kundra k\u00ebsaj tresheje politike q\u00eb t\u00eb shp\u00ebtojm\u00eb vendin nga plehrat\u201d,<\/em>\u00a0k\u00ebshtu shprehet Murrizi.<\/p>","protected":false},"excerpt":{"rendered":"<p>Kreu i Partis\u00eb \u201cL\u00ebvizja Demokratike Shqiptare\u201d, Myslim Murrizi, ka zhvilluar nj\u00eb takim me disa nga ish-themeluesit dhe kontribuesit nd\u00ebr vite t\u00eb Partis\u00eb Demokratike, ku dhe vet\u00eb Murrizi ka dh\u00ebn\u00eb kontribut q\u00eb prej l\u00ebvizjes s\u00eb student\u00ebve t\u00eb dhjetorit 1990. Sipas Murrizit, prej 30 vitesh Shqip\u00ebria drejtohet s\u00ebrish nga ish-komunist\u00eb dhe ish-spiun\u00eb t\u00eb sigurimit. Deklarata e Murrizit: [&hellip;]<\/p>\n","protected":false},"author":2016,"featured_media":177026,"comment_status":"closed","ping_status":"closed","sticky":false,"template":"","format":"standard","meta":{"footnotes":""},"categories":[241],"tags":[2336],"class_list":{"0":"post-177024","1":"post","2":"type-post","3":"status-publish","4":"format-standard","5":"has-post-thumbnail","7":"category-aktualitet","8":"tag-lajme-zjarr-nuk-permbahet-murrizi-zjarr-tv"},"_links":{"self":[{"href":"https:\/\/zjarr.tv\/en\/wp-json\/wp\/v2\/posts\/177024","targetHints":{"allow":["GET"]}}],"collection":[{"href":"https:\/\/zjarr.tv\/en\/wp-json\/wp\/v2\/posts"}],"about":[{"href":"https:\/\/zjarr.tv\/en\/wp-json\/wp\/v2\/types\/post"}],"author":[{"embeddable":true,"href":"https:\/\/zjarr.tv\/en\/wp-json\/wp\/v2\/users\/2016"}],"replies":[{"embeddable":true,"href":"https:\/\/zjarr.tv\/en\/wp-json\/wp\/v2\/comments?post=177024"}],"version-history":[{"count":0,"href":"https:\/\/zjarr.tv\/en\/wp-json\/wp\/v2\/posts\/177024\/revisions"}],"wp:featuredmedia":[{"embeddable":true,"href":"https:\/\/zjarr.tv\/en\/wp-json\/wp\/v2\/media\/177026"}],"wp:attachment":[{"href":"https:\/\/zjarr.tv\/en\/wp-json\/wp\/v2\/media?parent=177024"}],"wp:term":[{"taxonomy":"category","embeddable":true,"href":"https:\/\/zjarr.tv\/en\/wp-json\/wp\/v2\/categories?post=177024"},{"taxonomy":"post_tag","embeddable":true,"href":"https:\/\/zjarr.tv\/en\/wp-json\/wp\/v2\/tags?post=177024"}],"curies":[{"name":"wp","href":"https:\/\/api.w.org\/{rel}","templated":true}]}}