{"id":177027,"date":"2021-04-12T10:47:48","date_gmt":"2021-04-12T08:47:48","guid":{"rendered":"https:\/\/zjarr.tv\/?p=177027"},"modified":"2021-04-12T10:48:04","modified_gmt":"2021-04-12T08:48:04","slug":"andi-lila-habit-me-deklaraten-e-tij-fjale-nderi-kjo-ruajeni-do-ti-thyejme-xhamat-e-kryeministrise-bashes-nese","status":"publish","type":"post","link":"https:\/\/zjarr.tv\/en\/andi-lila-habit-me-deklaraten-e-tij-fjale-nderi-kjo-ruajeni-do-ti-thyejme-xhamat-e-kryeministrise-bashes-nese\/","title":{"rendered":"Andi Lila habit me deklarat\u00ebn e tij: Fjal\u00eb nderi kjo, ruajeni, do t\u2019i thyejm\u00eb xhamat e Kryeministris\u00eb Bash\u00ebs n\u00ebse\u2026"},"content":{"rendered":"<p>Ish-futbollisti i Komb\u00ebtares, Andi Lila, \u00ebsht\u00eb caktuar koordinator komb\u00ebtar i Partis\u00eb Demokratike p\u00ebr Sportet, nd\u00ebrkoh\u00eb q\u00eb mbeti jasht\u00eb list\u00ebs s\u00eb kandidat\u00ebve p\u00ebr deputet edhe pse pritej kandidimi i tij n\u00eb Kavaj\u00eb.<\/p>\n<p>Prej disa koh\u00ebsh, Andi Lila \u00ebsht\u00eb angazhuar m\u00eb Partin\u00eb Demokratike, ku her\u00eb pas here, \u00ebsht\u00eb shfaqur edhe krah kreut t\u00eb PD-s\u00eb, Lulzim Basha.<\/p>\n<p>N\u00eb \u00e7eljen e fushat\u00ebs s\u00eb Partis\u00eb Demokratike, ish-futbollisti i Komb\u00ebtares Shqiptare, u b\u00ebri thirrje shqiptar\u00ebve q\u00eb t\u00eb bashkohen p\u00ebr ndryshimin e madh dhe p\u00ebr t\u00eb plot\u00ebsuar t\u00eb gjitha mang\u00ebsit\u00eb e sportist\u00ebve, ve\u00e7an\u00ebrisht Ministrin\u00eb e Sportit.<\/p>\n<p>I pyetur p\u00ebr mikrofonin e Top albania radio, n\u00ebse Basha nuk realizon pikat kryesore q\u00eb i ka premtuar, Lila shprehet se do t\u2019i kthehet \u00e7do gj\u00eb \u2018boomerang\u2019 (mbrapsh):<\/p>\n<p><em>N\u00ebse nuk realizohen k\u00ebto pika themeltare p\u00ebr sportin, do t\u2019i kthehet sporti \u2018boomerang\u2019 do t\u2019i shkojm\u00eb tek kryeministria. Un\u00eb bashk\u00eb me gjith\u00eb sportist\u00ebt, familjar\u00ebt e sportistave, tifoz\u00ebt, do t\u2019i shkojm\u00eb tek kryeministria, Kryeministrit t\u00eb ardhsh\u00ebm Bash\u00ebs edhe do t\u2019i thyejm\u00eb xhamat kryeministris\u00eb! Fjal\u00eb nderi kjo, in\u00e7izojeni, ruajeni\u2026<\/em><\/p>","protected":false},"excerpt":{"rendered":"<p>Ish-futbollisti i Komb\u00ebtares, Andi Lila, \u00ebsht\u00eb caktuar koordinator komb\u00ebtar i Partis\u00eb Demokratike p\u00ebr Sportet, nd\u00ebrkoh\u00eb q\u00eb mbeti jasht\u00eb list\u00ebs s\u00eb kandidat\u00ebve p\u00ebr deputet edhe pse pritej kandidimi i tij n\u00eb Kavaj\u00eb. Prej disa koh\u00ebsh, Andi Lila \u00ebsht\u00eb angazhuar m\u00eb Partin\u00eb Demokratike, ku her\u00eb pas here, \u00ebsht\u00eb shfaqur edhe krah kreut t\u00eb PD-s\u00eb, Lulzim Basha. N\u00eb [&hellip;]<\/p>\n","protected":false},"author":2016,"featured_media":177029,"comment_status":"closed","ping_status":"closed","sticky":false,"template":"","format":"standard","meta":{"footnotes":""},"categories":[241],"tags":[2337],"class_list":{"0":"post-177027","1":"post","2":"type-post","3":"status-publish","4":"format-standard","5":"has-post-thumbnail","7":"category-aktualitet","8":"tag-lajme-zjarr-lila-habit-me-deklaraten-e-tij-zjarr-tv"},"_links":{"self":[{"href":"https:\/\/zjarr.tv\/en\/wp-json\/wp\/v2\/posts\/177027","targetHints":{"allow":["GET"]}}],"collection":[{"href":"https:\/\/zjarr.tv\/en\/wp-json\/wp\/v2\/posts"}],"about":[{"href":"https:\/\/zjarr.tv\/en\/wp-json\/wp\/v2\/types\/post"}],"author":[{"embeddable":true,"href":"https:\/\/zjarr.tv\/en\/wp-json\/wp\/v2\/users\/2016"}],"replies":[{"embeddable":true,"href":"https:\/\/zjarr.tv\/en\/wp-json\/wp\/v2\/comments?post=177027"}],"version-history":[{"count":0,"href":"https:\/\/zjarr.tv\/en\/wp-json\/wp\/v2\/posts\/177027\/revisions"}],"wp:featuredmedia":[{"embeddable":true,"href":"https:\/\/zjarr.tv\/en\/wp-json\/wp\/v2\/media\/177029"}],"wp:attachment":[{"href":"https:\/\/zjarr.tv\/en\/wp-json\/wp\/v2\/media?parent=177027"}],"wp:term":[{"taxonomy":"category","embeddable":true,"href":"https:\/\/zjarr.tv\/en\/wp-json\/wp\/v2\/categories?post=177027"},{"taxonomy":"post_tag","embeddable":true,"href":"https:\/\/zjarr.tv\/en\/wp-json\/wp\/v2\/tags?post=177027"}],"curies":[{"name":"wp","href":"https:\/\/api.w.org\/{rel}","templated":true}]}}