{"id":177034,"date":"2021-04-12T11:36:05","date_gmt":"2021-04-12T09:36:05","guid":{"rendered":"https:\/\/zjarr.tv\/?p=177034"},"modified":"2021-04-12T11:36:05","modified_gmt":"2021-04-12T09:36:05","slug":"veliaj-ne-nuk-zaptojme-hapesira-publike-ne-cliruam-fushen-e-laprakes-per-ju-pasi-ishte-zaptuar-nga-ata-qe","status":"publish","type":"post","link":"https:\/\/zjarr.tv\/en\/veliaj-ne-nuk-zaptojme-hapesira-publike-ne-cliruam-fushen-e-laprakes-per-ju-pasi-ishte-zaptuar-nga-ata-qe\/","title":{"rendered":"Veliaj: Ne nuk zaptojm\u00eb hap\u00ebsira publike, ne \u00e7liruam fush\u00ebn e Laprak\u00ebs p\u00ebr ju, pasi ishte zaptuar nga ata q\u00eb&#8230;"},"content":{"rendered":"<p style=\"line-height: 24.0pt; margin: 0in 0in 22.5pt 0in;\"><span style=\"color: #18191a;\">Kryebashkiaku Erion Veliaj, gjat\u00eb nj\u00eb takimi me t\u00eb rinjt\u00eb, ka folur p\u00ebr kartat e studentit, si dhe p\u00ebr hap\u00ebsirat q\u00eb jan\u00eb zaptuar, nd\u00ebr t\u00eb tjera Veliaj \u00ebsht\u00eb shprehur se; ne jemi t\u00eb vetmit q\u00eb nuk zaptojm\u00eb hap\u00ebsira publike, nd\u00ebrsa ata q\u00eb dy gishta lart, \u201cliri demokraci\u201d, zaptonin konvikte, shprehet Veliaj.<\/span><\/p>\n<p style=\"line-height: 24.0pt; margin: 0in 0in 22.5pt 0in;\"><span style=\"color: #18191a;\">\u201c<i>Karta e studentit ofron sot 1 000 sh\u00ebrbime p\u00ebr student\u00ebt\u201d, ishte nj\u00eb nga lajmet q\u00eb, kryetari i Bashkis\u00eb s\u00eb Tiran\u00ebs, nj\u00ebkoh\u00ebsisht drejtuesi politik p\u00ebr PS-n\u00eb n\u00eb Tiran\u00eb, Erion Veliaj, ndau me t\u00eb rinjt\u00eb gjat\u00eb nj\u00eb takimi me Kryeministrin Edi Rama.<\/i><\/span><\/p>\n<p style=\"line-height: 24.0pt; box-sizing: inherit; font-variant-ligatures: normal; font-variant-caps: normal; orphans: 2; text-align: start; widows: 2; -webkit-text-stroke-width: 0px; word-spacing: 0px; margin: 0in 0in 22.5pt 0in;\"><i><span style=\"color: #18191a;\">\u00a0Gjithashtu, ai n\u00ebnvizoi se qeveria ka \u00e7liruar hap\u00ebsira, q\u00eb m\u00eb par\u00eb ishin zaptuar dhe dh\u00ebn\u00eb p\u00ebr nd\u00ebrtim pallatesh nga Lulzim Basha, si\u00e7 \u00ebsht\u00eb rasti i fush\u00ebs n\u00eb Laprak\u00eb.<\/span><\/i><\/p>\n<p style=\"line-height: 24.0pt; box-sizing: inherit; font-variant-ligatures: normal; font-variant-caps: normal; orphans: 2; text-align: start; widows: 2; -webkit-text-stroke-width: 0px; word-spacing: 0px; margin: 0in 0in 22.5pt 0in;\"><i><span style=\"color: #18191a;\">\u201cFaleminderit q\u00eb keni ardhur n\u00eb nj\u00eb hap\u00ebsir\u00eb, q\u00eb e gjet\u00ebm shesh nd\u00ebrtimi p\u00ebr pallat, por me k\u00ebmb\u00ebnguljen e komunitetit t\u00eb Laprak\u00ebs e kthyem ashtu si\u00e7 ishte, n\u00eb nj\u00eb fush\u00eb t\u00eb bukur, dinjitoze, t\u00eb gjelb\u00ebr, p\u00ebr Laprak\u00ebn.<\/span><\/i><\/p>\n<p style=\"line-height: 24.0pt; box-sizing: inherit; font-variant-ligatures: normal; font-variant-caps: normal; orphans: 2; text-align: start; widows: 2; -webkit-text-stroke-width: 0px; word-spacing: 0px; margin: 0in 0in 22.5pt 0in;\"><i><span style=\"color: #18191a;\">Kjo \u00ebsht\u00eb diferenca mes atyre q\u00eb e kishin mund\u00ebsin\u00eb ta b\u00ebnin Tiran\u00ebn dhe nuk e b\u00ebn\u00eb dot. Gjithashtu, jan\u00eb ngritur n\u00eb k\u00ebmb\u00eb karabinat\u00eb e 8 konvikteve t\u00eb reja tek Universiteti Bujq\u00ebsor, atje ku ata me dy gishtat p\u00ebrpjet\u00eb, \u201cLiri, demokraci\u201d, zaptonin e shfryt\u00ebzonin partin\u00eb si licenc\u00eb p\u00ebr t\u00eb zaptuar konvikte. \u00c7liruam edhe konviktet tek Inxhinieria dhe te Mjek\u00ebsia, ku sapo kan\u00eb mbaruar dy godinat e para<\/span><\/i><span style=\"color: #18191a;\">\u201d, u tha Veliaj t\u00eb rinjve.<\/span><\/p>","protected":false},"excerpt":{"rendered":"<p>Kryebashkiaku Erion Veliaj, gjat\u00eb nj\u00eb takimi me t\u00eb rinjt\u00eb, ka folur p\u00ebr kartat e studentit, si dhe p\u00ebr hap\u00ebsirat q\u00eb jan\u00eb zaptuar, nd\u00ebr t\u00eb tjera Veliaj \u00ebsht\u00eb shprehur se; ne jemi t\u00eb vetmit q\u00eb nuk zaptojm\u00eb hap\u00ebsira publike, nd\u00ebrsa ata q\u00eb dy gishta lart, \u201cliri demokraci\u201d, zaptonin konvikte, shprehet Veliaj. \u201cKarta e studentit ofron sot [&hellip;]<\/p>\n","protected":false},"author":2016,"featured_media":177036,"comment_status":"closed","ping_status":"closed","sticky":false,"template":"","format":"standard","meta":{"footnotes":""},"categories":[241],"tags":[2339],"class_list":{"0":"post-177034","1":"post","2":"type-post","3":"status-publish","4":"format-standard","5":"has-post-thumbnail","7":"category-aktualitet","8":"tag-lajme-zjarr-veliaj-ne-clirojme-hapesira-te-zaptuara-zjarr-tv"},"_links":{"self":[{"href":"https:\/\/zjarr.tv\/en\/wp-json\/wp\/v2\/posts\/177034","targetHints":{"allow":["GET"]}}],"collection":[{"href":"https:\/\/zjarr.tv\/en\/wp-json\/wp\/v2\/posts"}],"about":[{"href":"https:\/\/zjarr.tv\/en\/wp-json\/wp\/v2\/types\/post"}],"author":[{"embeddable":true,"href":"https:\/\/zjarr.tv\/en\/wp-json\/wp\/v2\/users\/2016"}],"replies":[{"embeddable":true,"href":"https:\/\/zjarr.tv\/en\/wp-json\/wp\/v2\/comments?post=177034"}],"version-history":[{"count":0,"href":"https:\/\/zjarr.tv\/en\/wp-json\/wp\/v2\/posts\/177034\/revisions"}],"wp:featuredmedia":[{"embeddable":true,"href":"https:\/\/zjarr.tv\/en\/wp-json\/wp\/v2\/media\/177036"}],"wp:attachment":[{"href":"https:\/\/zjarr.tv\/en\/wp-json\/wp\/v2\/media?parent=177034"}],"wp:term":[{"taxonomy":"category","embeddable":true,"href":"https:\/\/zjarr.tv\/en\/wp-json\/wp\/v2\/categories?post=177034"},{"taxonomy":"post_tag","embeddable":true,"href":"https:\/\/zjarr.tv\/en\/wp-json\/wp\/v2\/tags?post=177034"}],"curies":[{"name":"wp","href":"https:\/\/api.w.org\/{rel}","templated":true}]}}