{"id":177065,"date":"2021-04-12T13:55:46","date_gmt":"2021-04-12T11:55:46","guid":{"rendered":"https:\/\/zjarr.tv\/?p=177065"},"modified":"2021-04-12T13:55:46","modified_gmt":"2021-04-12T11:55:46","slug":"presidenti-meta-te-hetohet-me-shpejtesi-vjedhja-e-te-dhenave-personale","status":"publish","type":"post","link":"https:\/\/zjarr.tv\/en\/presidenti-meta-te-hetohet-me-shpejtesi-vjedhja-e-te-dhenave-personale\/","title":{"rendered":"Presidenti Meta: T\u00eb hetohet me shpejt\u00ebsi vjedhja e t\u00eb dh\u00ebnave personale\u2026"},"content":{"rendered":"<p>Dit\u00ebn e sotme, Presidenti i Republik\u00ebs Ilir Meta, gjat\u00eb nj\u00eb dalje mediatike ka k\u00ebrkuar nga SPAK dhe institucionet e drejt\u00ebsis\u00eb, t\u00eb hetojn\u00eb p\u00ebr vjedhjen e t\u00eb dh\u00ebnave t\u00eb qytetar\u00ebve. Gjat\u00eb fjal\u00ebs s\u00eb tij, Meta ka akuzuar PS p\u00ebr nj\u00eb gjest t\u00eb papranuesh\u00ebm dhe t\u00eb posht\u00ebr.<\/p>\n<p>\u201c<em style=\"font-weight: inherit;\">Drejtuar SPAK dhe institucioneve t\u00eb drejt\u00ebsis\u00eb p\u00ebr t\u00eb hetuar me shpejt\u00ebsi ngjarjen m\u00eb t\u00eb fundit, skandaloze at\u00eb t\u00eb keqp\u00ebrdorimit dhe t\u00eb vjedhjes nga ana e PS n\u00eb \u00e7do lloj forme q\u00eb kjo ka ndodhur t\u00eb t\u00eb dh\u00ebnave personale t\u00eb t\u00eb gjith\u00eb qytetar\u00ebve shqiptar\u00eb, t\u00eb dh\u00ebna q\u00eb mbrohen nga ligji dhe q\u00eb p\u00ebrdoren vet\u00ebm p\u00ebr interesin publik.<\/em><\/p>\n<p><em style=\"font-weight: inherit;\">\u00cbsht\u00eb nj\u00eb shkelje e papranueshme dhe e posht\u00ebr e \u00e7do norme dhe \u00e7do morali p\u00ebr t\u00eb vendosur baz\u00ebn e t\u00eb dh\u00ebnave personale n\u00eb dispozicion vet\u00ebm nj\u00eb force politike, t\u00eb asaj q\u00eb ka kapur shtetin dhe q\u00eb nuk pranon t\u00eb l\u00ebr\u00eb pushtetin dhe p\u00ebr k\u00ebt\u00eb arsye p\u00ebrdor k\u00ebto forma t\u00eb poshtra dhe p\u00ebr k\u00ebt\u00eb arsye iu b\u00ebn presion qyt shqiptar\u00eb.<\/em><br \/>\n<em style=\"font-weight: inherit;\">Koha q\u00eb shqiptar\u00ebt q\u00eb kishin frik\u00eb nga qeveria ka mbaruar p\u00ebrgjithmon\u00eb, data e fundit ishte 2 marsi.<\/em>\u201d- tha Meta.<\/p>","protected":false},"excerpt":{"rendered":"<p>Dit\u00ebn e sotme, Presidenti i Republik\u00ebs Ilir Meta, gjat\u00eb nj\u00eb dalje mediatike ka k\u00ebrkuar nga SPAK dhe institucionet e drejt\u00ebsis\u00eb, t\u00eb hetojn\u00eb p\u00ebr vjedhjen e t\u00eb dh\u00ebnave t\u00eb qytetar\u00ebve. Gjat\u00eb fjal\u00ebs s\u00eb tij, Meta ka akuzuar PS p\u00ebr nj\u00eb gjest t\u00eb papranuesh\u00ebm dhe t\u00eb posht\u00ebr. \u201cDrejtuar SPAK dhe institucioneve t\u00eb drejt\u00ebsis\u00eb p\u00ebr t\u00eb hetuar me [&hellip;]<\/p>\n","protected":false},"author":2016,"featured_media":177067,"comment_status":"closed","ping_status":"closed","sticky":false,"template":"","format":"standard","meta":{"footnotes":""},"categories":[241],"tags":[2345],"class_list":{"0":"post-177065","1":"post","2":"type-post","3":"status-publish","4":"format-standard","5":"has-post-thumbnail","7":"category-aktualitet","8":"tag-lajme-zjarr-meta-flet-per-hetimin-e-te-dhenave-zjarr-tv"},"_links":{"self":[{"href":"https:\/\/zjarr.tv\/en\/wp-json\/wp\/v2\/posts\/177065","targetHints":{"allow":["GET"]}}],"collection":[{"href":"https:\/\/zjarr.tv\/en\/wp-json\/wp\/v2\/posts"}],"about":[{"href":"https:\/\/zjarr.tv\/en\/wp-json\/wp\/v2\/types\/post"}],"author":[{"embeddable":true,"href":"https:\/\/zjarr.tv\/en\/wp-json\/wp\/v2\/users\/2016"}],"replies":[{"embeddable":true,"href":"https:\/\/zjarr.tv\/en\/wp-json\/wp\/v2\/comments?post=177065"}],"version-history":[{"count":0,"href":"https:\/\/zjarr.tv\/en\/wp-json\/wp\/v2\/posts\/177065\/revisions"}],"wp:featuredmedia":[{"embeddable":true,"href":"https:\/\/zjarr.tv\/en\/wp-json\/wp\/v2\/media\/177067"}],"wp:attachment":[{"href":"https:\/\/zjarr.tv\/en\/wp-json\/wp\/v2\/media?parent=177065"}],"wp:term":[{"taxonomy":"category","embeddable":true,"href":"https:\/\/zjarr.tv\/en\/wp-json\/wp\/v2\/categories?post=177065"},{"taxonomy":"post_tag","embeddable":true,"href":"https:\/\/zjarr.tv\/en\/wp-json\/wp\/v2\/tags?post=177065"}],"curies":[{"name":"wp","href":"https:\/\/api.w.org\/{rel}","templated":true}]}}