{"id":177088,"date":"2021-04-12T15:38:40","date_gmt":"2021-04-12T13:38:40","guid":{"rendered":"https:\/\/zjarr.tv\/?p=177088"},"modified":"2021-04-12T15:38:40","modified_gmt":"2021-04-12T13:38:40","slug":"presidenca-kerkon-te-hetohet-databaza-e-te-dhenave-meta-ve-ne-dijeni-osbe-dhe-ambasadat-ps-ka-te-dhenat-e-qytetareve","status":"publish","type":"post","link":"https:\/\/zjarr.tv\/en\/presidenca-kerkon-te-hetohet-databaza-e-te-dhenave-meta-ve-ne-dijeni-osbe-dhe-ambasadat-ps-ka-te-dhenat-e-qytetareve\/","title":{"rendered":"Presidenca k\u00ebrkon t\u00eb hetohet \u2018databaza e t\u00eb dh\u00ebnave\u2019, Meta v\u00eb n\u00eb dijeni OSBE dhe Ambasadat: PS ka t\u00eb dh\u00ebnat e qytetar\u00ebve!"},"content":{"rendered":"<p>Presidenti Ilir Meta k\u00ebrkon nga Prokuroria Speciale (SPAK) q\u00eb t\u00eb hetoj\u00eb databaz\u00ebn e t\u00eb dh\u00ebnave t\u00eb Partis\u00eb Socialiste, e cila sipas disa mediave dhe PD, ka t\u00eb nj\u00ebjtat t\u00eb dh\u00ebna me ato q\u00eb administrohen nga e-Albania. Sipas AKSHI-t, t\u00eb dh\u00ebnat e nuk kan\u00eb dal\u00eb prej tyre.<\/p>\n<p>&nbsp;<\/p>\n<p>P\u00ebrmes nj\u00eb k\u00ebrkes\u00eb zyrtare, Meta v\u00eb n\u00eb dijeni t\u00eb gjitha sselit\u00eb diplomatike t\u00eb akredituara n\u00eb Tiran\u00eb. M\u00eb her\u00ebt, gjat\u00eb dit\u00ebs s\u00eb sotme SPAK ka nisur hetimet p\u00ebr k\u00ebt\u00eb databaz\u00eb, p\u00ebr t\u00eb par\u00eb n\u00ebse t\u00eb dh\u00ebnat kan\u00eb rrjedhur nga agjencit\u00eb shtet\u00ebore apo jan\u00eb t\u00eb vet\u00eb Partis\u00eb Socialiste.<\/p>\n<p>&nbsp;<\/p>\n<p>\u201cP\u00ebrdorimi i bazave t\u00eb t\u00eb dh\u00ebnave shtet\u00ebrore, nga nj\u00eb subjekt politik si Partia Socialiste, e cila \u00ebsht\u00eb dhe forc\u00eb qeveris\u00ebse, p\u00ebr q\u00ebllime shantazhi, intimidimi, nd\u00ebrveprimi me zgjedh\u00ebsit, p\u00ebr t\u00eb siguruar vot\u00ebn dhe mb\u00ebshtetjen e tyre, si dhe grumbullimi e p\u00ebrpunimi i k\u00ebtyre t\u00eb dh\u00ebnave n\u00eb m\u00ebnyr\u00eb t\u00eb paligjshme, p\u00ebrb\u00ebn jo vet\u00ebm veprimtari t\u00eb ndaluar nga neni 91 i Kodit Zgjedhor, por p\u00ebrmban element\u00eb t\u00eb disa veprave penale t\u00eb parashikuara nga Kodi Penal\u2026\u201d, shkruan Meta.<\/p>","protected":false},"excerpt":{"rendered":"<p>Presidenti Ilir Meta k\u00ebrkon nga Prokuroria Speciale (SPAK) q\u00eb t\u00eb hetoj\u00eb databaz\u00ebn e t\u00eb dh\u00ebnave t\u00eb Partis\u00eb Socialiste, e cila sipas disa mediave dhe PD, ka t\u00eb nj\u00ebjtat t\u00eb dh\u00ebna me ato q\u00eb administrohen nga e-Albania. Sipas AKSHI-t, t\u00eb dh\u00ebnat e nuk kan\u00eb dal\u00eb prej tyre. &nbsp; P\u00ebrmes nj\u00eb k\u00ebrkes\u00eb zyrtare, Meta v\u00eb n\u00eb dijeni [&hellip;]<\/p>\n","protected":false},"author":2031,"featured_media":168768,"comment_status":"closed","ping_status":"closed","sticky":false,"template":"","format":"standard","meta":{"footnotes":""},"categories":[231],"tags":[312,2186,329],"class_list":{"0":"post-177088","1":"post","2":"type-post","3":"status-publish","4":"format-standard","5":"has-post-thumbnail","7":"category-lajme","8":"tag-lajme","9":"tag-meta","10":"tag-zjarr-tv"},"_links":{"self":[{"href":"https:\/\/zjarr.tv\/en\/wp-json\/wp\/v2\/posts\/177088","targetHints":{"allow":["GET"]}}],"collection":[{"href":"https:\/\/zjarr.tv\/en\/wp-json\/wp\/v2\/posts"}],"about":[{"href":"https:\/\/zjarr.tv\/en\/wp-json\/wp\/v2\/types\/post"}],"author":[{"embeddable":true,"href":"https:\/\/zjarr.tv\/en\/wp-json\/wp\/v2\/users\/2031"}],"replies":[{"embeddable":true,"href":"https:\/\/zjarr.tv\/en\/wp-json\/wp\/v2\/comments?post=177088"}],"version-history":[{"count":0,"href":"https:\/\/zjarr.tv\/en\/wp-json\/wp\/v2\/posts\/177088\/revisions"}],"wp:featuredmedia":[{"embeddable":true,"href":"https:\/\/zjarr.tv\/en\/wp-json\/wp\/v2\/media\/168768"}],"wp:attachment":[{"href":"https:\/\/zjarr.tv\/en\/wp-json\/wp\/v2\/media?parent=177088"}],"wp:term":[{"taxonomy":"category","embeddable":true,"href":"https:\/\/zjarr.tv\/en\/wp-json\/wp\/v2\/categories?post=177088"},{"taxonomy":"post_tag","embeddable":true,"href":"https:\/\/zjarr.tv\/en\/wp-json\/wp\/v2\/tags?post=177088"}],"curies":[{"name":"wp","href":"https:\/\/api.w.org\/{rel}","templated":true}]}}