{"id":177133,"date":"2021-04-12T19:31:36","date_gmt":"2021-04-12T17:31:36","guid":{"rendered":"https:\/\/zjarr.tv\/?p=177133"},"modified":"2021-04-12T20:51:23","modified_gmt":"2021-04-12T18:51:23","slug":"ramajam-ketu-per-te-dhene-shpirtin-reagon-ismet-drishtimos-more-se-jeni-me-ramazan","status":"publish","type":"post","link":"https:\/\/zjarr.tv\/en\/ramajam-ketu-per-te-dhene-shpirtin-reagon-ismet-drishtimos-more-se-jeni-me-ramazan\/","title":{"rendered":"Rama:Jam k\u00ebtu p\u00ebr t\u00eb dh\u00ebn\u00eb mishin\/Reagon Ismet Drishti:&#8221;Mos more se jemi me ramazan&#8221;"},"content":{"rendered":"<p>Pas deklarates s\u00eb sotme te kryeministrit te vendit n\u00eb qytetin e Gramshit ku tha se per ta bere Shqiperine do t\u00eb luftoj me mish ,ka ironizuar Ismet Drishti ku ne faqen e tij ne Facebook shkruan:<br \/>\n&#8220;Mos more mos se jemi me Ramazan dhe e kemi p\u00ebr gjynah t\u00eb ham\u00eb mish e shpirt haram.<br \/>\nMos na e \u00e7o d\u00ebm agj\u00ebrimin!&#8221;<\/p>","protected":false},"excerpt":{"rendered":"<p>Pas deklarates s\u00eb sotme te kryeministrit te vendit n\u00eb qytetin e Gramshit ku tha se per ta bere Shqiperine do t\u00eb luftoj me mish ,ka ironizuar Ismet Drishti ku ne faqen e tij ne Facebook shkruan: &#8220;Mos more mos se jemi me Ramazan dhe e kemi p\u00ebr gjynah t\u00eb ham\u00eb mish e shpirt haram. Mos [&hellip;]<\/p>\n","protected":false},"author":2031,"featured_media":120268,"comment_status":"closed","ping_status":"closed","sticky":false,"template":"","format":"standard","meta":{"footnotes":""},"categories":[364],"tags":[360,305,658,329],"class_list":{"0":"post-177133","1":"post","2":"type-post","3":"status-publish","4":"format-standard","5":"has-post-thumbnail","7":"category-koment-opinion","8":"tag-edi-rama","9":"tag-ismet-drishti","10":"tag-reagim","11":"tag-zjarr-tv"},"_links":{"self":[{"href":"https:\/\/zjarr.tv\/en\/wp-json\/wp\/v2\/posts\/177133","targetHints":{"allow":["GET"]}}],"collection":[{"href":"https:\/\/zjarr.tv\/en\/wp-json\/wp\/v2\/posts"}],"about":[{"href":"https:\/\/zjarr.tv\/en\/wp-json\/wp\/v2\/types\/post"}],"author":[{"embeddable":true,"href":"https:\/\/zjarr.tv\/en\/wp-json\/wp\/v2\/users\/2031"}],"replies":[{"embeddable":true,"href":"https:\/\/zjarr.tv\/en\/wp-json\/wp\/v2\/comments?post=177133"}],"version-history":[{"count":0,"href":"https:\/\/zjarr.tv\/en\/wp-json\/wp\/v2\/posts\/177133\/revisions"}],"wp:featuredmedia":[{"embeddable":true,"href":"https:\/\/zjarr.tv\/en\/wp-json\/wp\/v2\/media\/120268"}],"wp:attachment":[{"href":"https:\/\/zjarr.tv\/en\/wp-json\/wp\/v2\/media?parent=177133"}],"wp:term":[{"taxonomy":"category","embeddable":true,"href":"https:\/\/zjarr.tv\/en\/wp-json\/wp\/v2\/categories?post=177133"},{"taxonomy":"post_tag","embeddable":true,"href":"https:\/\/zjarr.tv\/en\/wp-json\/wp\/v2\/tags?post=177133"}],"curies":[{"name":"wp","href":"https:\/\/api.w.org\/{rel}","templated":true}]}}