{"id":177179,"date":"2021-04-13T07:32:18","date_gmt":"2021-04-13T05:32:18","guid":{"rendered":"https:\/\/zjarr.tv\/?p=177179"},"modified":"2021-04-13T07:33:54","modified_gmt":"2021-04-13T05:33:54","slug":"plas-keq-debati-mes-rakipllarit-dhe-frrok-cupit-rakipllari-letyre-ish-spiun-i-sigurimit","status":"publish","type":"post","link":"https:\/\/zjarr.tv\/en\/plas-keq-debati-mes-rakipllarit-dhe-frrok-cupit-rakipllari-letyre-ish-spiun-i-sigurimit\/","title":{"rendered":"Debat i ashp\u00ebr mes Rakipllarit dhe Frrok \u00c7upit\/ Rakipllari: L\u00ebtyr\u00eb, ish-spiun i Sigurimit\u2026"},"content":{"rendered":"<p>Mbr\u00ebmjen e djeshme, n\u00eb emisionin \u201cOpen\u201d, ka plasurnj\u00eb debat mes gazetarit Robert Rakipllari dhe Frrok \u00c7upit, ku ka degjeneruar n\u00eb fyerje personale mes tyre.Ishte \u00c7upi ai q\u00eb nxiti debatin, pasi Rakipllari citoi di\u00e7ka gabim nga fjala e tij m\u00eb her\u00ebt n\u00eb emisionin \u201cOpen\u201d.<\/p>\n<p>M\u00eb tej, Rakipllari e quajti \u00c7upin spiun sigurimi dhe l\u00ebtyr\u00eb, shpif\u00ebs ordiner. Ky i fundit e quajti kolegun budalla dhe e paralajm\u00ebroi se do ta \u00e7onte n\u00eb gjyq, p\u00ebr akuza t\u00eb pav\u00ebrteta.<\/p>\n<p><strong>Debati:<\/strong><\/p>\n<p><strong>Rakipllari:\u00a0<\/strong>At\u00ebher\u00eb \u00c7upi tha se Presidenti \u00ebsht\u00eb pa pushtet\u2026<\/p>\n<p><strong>\u00c7upi:<\/strong>\u00a0Jo nuk e thash\u00eb k\u00ebt\u00eb, pse m\u00eb v\u00eb n\u00eb goj\u00eb gj\u00ebra q\u00eb nuk i thash\u00eb.<\/p>\n<p><strong>Rakipllari:<\/strong>\u00a0Po mir\u00eb<\/p>\n<p><strong>\u00c7upi:\u00a0<\/strong>Jo s\u2019ka mir\u00eb, edhe nj\u00ebher\u00eb po ta them mos v\u00eb n\u00eb goj\u00ebn t\u00ebnde gj\u00ebra q\u00eb un\u00eb s\u2019i thash\u00eb kaq po t\u00eb them.<\/p>\n<p><strong>Rakipllari:<\/strong>\u00a0O Frrok mos b\u00ebj si i fort\u00eb.<\/p>\n<p><strong>\u00c7upi:<\/strong>\u00a0Un\u00eb s\u2019po b\u00ebj si i fort\u00eb mos m\u00eb thuaj mua gj\u00ebra t\u00eb paq\u00ebna.<\/p>\n<p><strong>Rakipllari:\u00a0<\/strong>Ore pse b\u00ebrtet, pse do ta marr\u00ebsh personale, un\u00eb s\u2019di t\u00eb kem gj\u00ebra personale me ty. \u00c7far\u00eb ke?<\/p>\n<p><strong>\u00c7upi:<\/strong>\u00a0T\u00eb jet\u00eb hera e fundit m\u00eb d\u00ebgjove? (B\u00ebrtet)<\/p>\n<p><strong>Rakipllari:<\/strong>\u00a0Un\u00eb nuk kam ardhur p\u00ebr debat me ty k\u00ebtu, nuk b\u00ebj debat me nj\u00eb ish-spiun t\u00eb Sigurimit t\u00eb Shtetit.<\/p>\n<p><strong>\u00c7upi:\u00a0<\/strong>Un\u00eb spiun?<\/p>\n<p><strong>Rakipllari:<\/strong>\u00a0Po ke qen\u00eb spiun, a ke qen\u00eb?<\/p>\n<p><strong>\u00c7upi:\u00a0<\/strong>Do shkojm\u00eb n\u00eb gjyq me k\u00ebt\u00eb q\u00eb the.<\/p>\n<p><strong>Rakipllari:<\/strong>\u00a0Kur t\u00eb duash ti.<\/p>\n<p><strong>\u00c7upi:\u00a0<\/strong>Do ta paguash shum\u00eb shtrenjt\u00eb. M\u00eb citon keq.<\/p>\n<p><strong>Rakipllari:<\/strong>\u00a0Nuk kam ardhur t\u00eb b\u00ebj debat me ty. Kujdes dhe referoju mir\u00eb gj\u00ebrave. Un\u00eb t\u00eb d\u00ebgjova dhe t\u00eb respektova deri n\u00eb fund.<\/p>\n<p><strong>Frrok \u00c7upi:<\/strong>\u00a0Pse ku ishte respekti?<\/p>\n<p><strong>Rakipllari:<\/strong>\u00a0Kujdes me zhargonin! Kaq po them se nuk kam ardhur q\u00eb t\u00eb b\u00ebj debat me ty. Merre dhe ktheje se \u00e7far\u00eb the. The p\u00ebr Met\u00ebn q\u00eb ky njeri k\u00ebrkon pushtet. Ti nuk je jurist fare. Ke qen\u00eb, nuk je m\u00eb tani. Presidenti shkon ku t\u2019i doj\u00eb qejfi.<\/p>\n<p><strong>\u00c7upi:<\/strong>\u00a0S\u2019ka pun\u00eb me zgjedhjet ai.<\/p>\n<p><strong>Rakipllari:<\/strong>\u00a0Si nuk ka pun\u00eb me zgjedhjet ai? Mund t\u00eb shkoj\u00eb ku t\u00eb doj\u00eb n\u00eb \u00e7do vend t\u00eb Shqip\u00ebris\u00eb.<\/p>\n<p><strong>\u00c7upi:\u00a0<\/strong>Presidenti nuk mund q\u00eb t\u00eb rrah\u00eb polic\u00eb dhe t\u00eb mos shkoj\u00eb i dehur n\u00ebp\u00ebr studio. Nuk ka kompetenc\u00eb more djal\u00eb. Ehuuuu me k\u00eb flas edhe un\u00eb. Presidenti nuk b\u00ebn thirrje.<\/p>\n<p><strong>Rakipllari:\u00a0<\/strong>Po lexoje more lexo! Ti ke qen\u00eb spiun i sigurimit t\u00eb shteti dhe nuk po them gj\u00eb. Je nj\u00eb shpif\u00ebs ordiner. Spiun! Ti ke qen\u00eb dhe mbaje. Un\u00eb nuk b\u00ebj debat me nj\u00eb l\u00ebtyr\u00eb si ty.<\/p>\n<p><strong>\u00c7upi:\u00a0<\/strong>Ti je i lumtur budalla i dashur.<\/p>\n<p><strong>Rakipllari:<\/strong>\u00a0Do t\u00eb vazhdoj me arsenalin.<\/p>\n<p><strong>\u00c7upi:<\/strong>\u00a0Do t\u00eb t\u00eb them \u00e7a lexoj p\u00ebr ty.<\/p>\n<p><strong>Rakipllari:<\/strong>\u00a0Se \u00e7a thon\u00eb p\u00ebr nj\u00eb l\u00ebtyr\u00eb si ty. Eni n\u00ebse me k\u00eb thirrur q\u00eb t\u00eb\u2026 Nuk vazhdoj dot m\u00eb, m\u00eb ke sjell\u00eb nj\u00ebrin q\u00eb t\u00eb m\u00eb thot\u00eb gj\u00ebra personale.<\/p>\n<p><strong>\u00c7upi:\u00a0<\/strong>\u00c7far\u00eb t\u00eb thash\u00eb un\u00eb gj\u00ebra personale?<\/p>\n<p><strong>Save<\/strong><\/p>\n<p>Share<\/p>\n<p>&nbsp;<\/p>","protected":false},"excerpt":{"rendered":"<p>Mbr\u00ebmjen e djeshme, n\u00eb emisionin \u201cOpen\u201d, ka plasurnj\u00eb debat mes gazetarit Robert Rakipllari dhe Frrok \u00c7upit, ku ka degjeneruar n\u00eb fyerje personale mes tyre.Ishte \u00c7upi ai q\u00eb nxiti debatin, pasi Rakipllari citoi di\u00e7ka gabim nga fjala e tij m\u00eb her\u00ebt n\u00eb emisionin \u201cOpen\u201d. M\u00eb tej, Rakipllari e quajti \u00c7upin spiun sigurimi dhe l\u00ebtyr\u00eb, shpif\u00ebs ordiner. [&hellip;]<\/p>\n","protected":false},"author":2016,"featured_media":177183,"comment_status":"closed","ping_status":"closed","sticky":false,"template":"","format":"standard","meta":{"footnotes":""},"categories":[241],"tags":[2355],"class_list":{"0":"post-177179","1":"post","2":"type-post","3":"status-publish","4":"format-standard","5":"has-post-thumbnail","7":"category-aktualitet","8":"tag-lajme-zjarr-debat-mes-rakipllarit-dhe-cupit-zjarr-tv"},"_links":{"self":[{"href":"https:\/\/zjarr.tv\/en\/wp-json\/wp\/v2\/posts\/177179","targetHints":{"allow":["GET"]}}],"collection":[{"href":"https:\/\/zjarr.tv\/en\/wp-json\/wp\/v2\/posts"}],"about":[{"href":"https:\/\/zjarr.tv\/en\/wp-json\/wp\/v2\/types\/post"}],"author":[{"embeddable":true,"href":"https:\/\/zjarr.tv\/en\/wp-json\/wp\/v2\/users\/2016"}],"replies":[{"embeddable":true,"href":"https:\/\/zjarr.tv\/en\/wp-json\/wp\/v2\/comments?post=177179"}],"version-history":[{"count":0,"href":"https:\/\/zjarr.tv\/en\/wp-json\/wp\/v2\/posts\/177179\/revisions"}],"wp:featuredmedia":[{"embeddable":true,"href":"https:\/\/zjarr.tv\/en\/wp-json\/wp\/v2\/media\/177183"}],"wp:attachment":[{"href":"https:\/\/zjarr.tv\/en\/wp-json\/wp\/v2\/media?parent=177179"}],"wp:term":[{"taxonomy":"category","embeddable":true,"href":"https:\/\/zjarr.tv\/en\/wp-json\/wp\/v2\/categories?post=177179"},{"taxonomy":"post_tag","embeddable":true,"href":"https:\/\/zjarr.tv\/en\/wp-json\/wp\/v2\/tags?post=177179"}],"curies":[{"name":"wp","href":"https:\/\/api.w.org\/{rel}","templated":true}]}}