{"id":177697,"date":"2021-04-14T17:17:42","date_gmt":"2021-04-14T15:17:42","guid":{"rendered":"https:\/\/zjarr.tv\/?p=177697"},"modified":"2021-04-14T17:17:42","modified_gmt":"2021-04-14T15:17:42","slug":"ina-zhupa-thirrje-kqz-policia-bashkiake-te-nderhyje-per-mbylljen-e-zyres-elektorale-te-ps","status":"publish","type":"post","link":"https:\/\/zjarr.tv\/en\/ina-zhupa-thirrje-kqz-policia-bashkiake-te-nderhyje-per-mbylljen-e-zyres-elektorale-te-ps\/","title":{"rendered":"Ina Zhupa thirrje KQZ: Policia Bashkiake t\u00eb nd\u00ebrhyj\u00eb p\u00ebr mbylljen e zyr\u00ebs elektorale t\u00eb PS"},"content":{"rendered":"<p>Ina Zhupa, kandidate p\u00ebr deputete e Partis\u00eb Demokratike\u00a0ishte sot n\u00eb qytetin e Sarand\u00ebs nga ju ka b\u00ebr\u00eb nj\u00eb denoncim ku shprehet se zyra elektorale e Partise Socialiste \u00ebsht\u00eb nd\u00ebrtuar n\u00eb shkelje te Kodit Zgjedhor pasi ngjitur me t\u00eb ndodhen edhe dy qendra votimi t\u00eb cilat do t\u00eb funksionojn\u00eb dit\u00ebn e zgjedhjeve.Cilatdo qofshin manovrat e PS -\u00ebsht\u00eb shprehur ajo -,humbja me 25 prill \u00ebsht\u00eb e pashmangshme.<\/p>\n<p>\u201cNdodhemi p\u00ebrballe zyr\u00ebs elektorale t\u00eb Partis\u00eb Socialiste n\u00eb qytetin e Sarand\u00ebs.<\/p>\n<p>Kjo zyr\u00eb \u00ebsht\u00eb nd\u00ebrtuar n\u00eb shkelje t\u00eb Kodit Zgjedhor. Pasi ngjitur me t\u00eb n\u00eb shkoll\u00ebn \u201cAdem Sheme\u201d ndodhen 2 qendra votimi, t\u00eb cilat do t\u00eb funksionojn\u00eb dit\u00ebn e zgjedhjeve, po ashtu p\u00ebrball\u00eb tyre tek sht\u00ebpia e f\u00ebmijes ndodhet nj\u00eb tjet\u00ebr qend\u00ebr votimi.<\/p>\n<p>Kjo \u00ebsht\u00eb e ndaluar me Kodin Zgjedhor por Partia Socialiste e ka zgjedhur mesa duket q\u00ebllimisht p\u00ebr t\u00eb intimiduar zgjedh\u00ebsit dit\u00ebn e votimeve. P\u00ebr t`i monitoruar zgjedh\u00ebsit dit\u00ebn e votimeve shkel n\u00eb m\u00ebnyr\u00eb t\u00eb hapur Kodin Zgjedhor.<\/p>\n<p>I b\u00ebj thirrje KQZ q\u00eb t\u00eb reagoj dhe t\u00eb nd\u00ebrhyj me policin\u00eb bashkiake p\u00ebr t\u00eb k\u00ebrkuar mbylljen e k\u00ebsaj zyr\u00eb elektorale q\u00eb \u00ebsht\u00eb n\u00eb shkelje t\u00eb Kodit Zgjedhor.<\/p>\n<p>Zgjedh\u00ebsit e Sarand\u00ebs kan\u00eb t\u00eb drejt\u00eb t\u00eb zgjedhin t\u00eb paintimiduar dhe t\u00eb pav\u00ebzhguar nga forcat politike dit\u00ebn e zgjedhjeve me 25 prill.<\/p>\n<p>Cfar\u00ebdo lloj manovre q\u00eb tenton t\u00eb bej Partia Socialiste nuk do ta shmangin dot nga humbja e dat\u00ebs 25 prill nga qyteti i Sarand\u00ebs. Nga qarku Vlor\u00eb, ata do t\u00eb marrin goditjen historike dhe do t\u00eb kujtohen thjesht si nj\u00eb qeveri q\u00eb nuk beri asgj\u00eb n\u00eb 8 vite.\u201d-shkruan Ina Zhupa<\/p>","protected":false},"excerpt":{"rendered":"<p>Ina Zhupa, kandidate p\u00ebr deputete e Partis\u00eb Demokratike\u00a0ishte sot n\u00eb qytetin e Sarand\u00ebs nga ju ka b\u00ebr\u00eb nj\u00eb denoncim ku shprehet se zyra elektorale e Partise Socialiste \u00ebsht\u00eb nd\u00ebrtuar n\u00eb shkelje te Kodit Zgjedhor pasi ngjitur me t\u00eb ndodhen edhe dy qendra votimi t\u00eb cilat do t\u00eb funksionojn\u00eb dit\u00ebn e zgjedhjeve.Cilatdo qofshin manovrat e PS [&hellip;]<\/p>\n","protected":false},"author":2031,"featured_media":177698,"comment_status":"closed","ping_status":"closed","sticky":false,"template":"","format":"standard","meta":{"footnotes":""},"categories":[231],"tags":[318,312,329],"class_list":{"0":"post-177697","1":"post","2":"type-post","3":"status-publish","4":"format-standard","5":"has-post-thumbnail","7":"category-lajme","8":"tag-ina-zhupa","9":"tag-lajme","10":"tag-zjarr-tv"},"_links":{"self":[{"href":"https:\/\/zjarr.tv\/en\/wp-json\/wp\/v2\/posts\/177697","targetHints":{"allow":["GET"]}}],"collection":[{"href":"https:\/\/zjarr.tv\/en\/wp-json\/wp\/v2\/posts"}],"about":[{"href":"https:\/\/zjarr.tv\/en\/wp-json\/wp\/v2\/types\/post"}],"author":[{"embeddable":true,"href":"https:\/\/zjarr.tv\/en\/wp-json\/wp\/v2\/users\/2031"}],"replies":[{"embeddable":true,"href":"https:\/\/zjarr.tv\/en\/wp-json\/wp\/v2\/comments?post=177697"}],"version-history":[{"count":0,"href":"https:\/\/zjarr.tv\/en\/wp-json\/wp\/v2\/posts\/177697\/revisions"}],"wp:featuredmedia":[{"embeddable":true,"href":"https:\/\/zjarr.tv\/en\/wp-json\/wp\/v2\/media\/177698"}],"wp:attachment":[{"href":"https:\/\/zjarr.tv\/en\/wp-json\/wp\/v2\/media?parent=177697"}],"wp:term":[{"taxonomy":"category","embeddable":true,"href":"https:\/\/zjarr.tv\/en\/wp-json\/wp\/v2\/categories?post=177697"},{"taxonomy":"post_tag","embeddable":true,"href":"https:\/\/zjarr.tv\/en\/wp-json\/wp\/v2\/tags?post=177697"}],"curies":[{"name":"wp","href":"https:\/\/api.w.org\/{rel}","templated":true}]}}