{"id":177733,"date":"2021-04-15T07:43:05","date_gmt":"2021-04-15T05:43:05","guid":{"rendered":"https:\/\/zjarr.tv\/?p=177733"},"modified":"2021-04-15T07:50:38","modified_gmt":"2021-04-15T05:50:38","slug":"kryeministri-flet-per-bashkepunim-me-bashen-baton-haxhiu-rama-eshte-i-sinqerte","status":"publish","type":"post","link":"https:\/\/zjarr.tv\/en\/kryeministri-flet-per-bashkepunim-me-bashen-baton-haxhiu-rama-eshte-i-sinqerte\/","title":{"rendered":"Kryeministri flet p\u00ebr bashk\u00ebpunim me Bash\u00ebn\/ Baton Haxhiu: Rama \u00ebsht\u00eb i sinqert\u00eb\u2026"},"content":{"rendered":"<p>Analisti Baton Haxhiu, ka folur n\u00eb studion e \u201cOpinion\u201d, ku e ka cil\u00ebsuar t\u00eb sinqert\u00eb nj\u00eb deklarat\u00eb t\u00eb Kryeministrit Rama, p\u00ebr t\u00eb patur bashk\u00ebpunim me kreun e opozit\u00ebs Basha, pas zgjedhjeve t\u00eb 25 Prillit. Haxhiu, tha se disa her\u00eb ka biseduar me Kryeministrin dhe e di t\u00eb sinqert\u00eb n\u00eb k\u00ebt\u00eb deklarat\u00eb.<\/p>\n<p>Haxhiu: Un\u00eb besoj q\u00eb Edi Rama e mendon k\u00ebt\u00eb, p\u00ebr arsye q\u00eb \u00ebsht\u00eb i sigurt\u00eb n\u00eb rezultatet e 25-\u00ebs.<\/p>\n<p>Fevziu: E ke informacion apo konstatim?<\/p>\n<p>Haxhiu: Q\u00eb t\u00eb jem i sinqert\u00eb, personalisht e kam biseduar disa her\u00eb m\u00eb Edi Ram\u00ebn dhe e di q\u00eb e ka t\u00eb sinqert\u00eb, se \u00ebsht\u00eb politikan i p\u00ebrmbushur dhe p\u00ebr her\u00eb t\u00eb par\u00eb Partin\u00eb Socialiste dhe veten i do t\u00ebr\u00ebsisht n\u00eb funksion t\u00eb asaj\u2026<\/p>\n<p>Fevziu: Meq\u00eb e ka p\u00ebrmbushur, pse nuk ik\u00ebn?<\/p>\n<p>Haxhiu: Se nuk beson tek ata q\u00eb vijn\u00eb.<\/p>\n<p>Fevziu: Nuk beson tek Basha me t\u00eb cilin do t\u00eb bashk\u00ebpunoj\u00eb?<\/p>\n<p>Haxhiu: Esenca \u00ebsht\u00eb, q\u00eb megjithat\u00eb jan\u00eb disa projekte t\u00eb cilat ne, n\u00eb bot\u00ebn moderne lidhen, kryesisht me individin p\u00ebr arsye se tek e fundit p\u00ebr projekte q\u00eb njer\u00ebzit investojn\u00eb n\u00eb Shqip\u00ebri i besojn\u00eb dikujt dhe lidhen me njeriun tek i cili ka projektu veten.<\/p>\n<p>Por \u00e7far\u00eb deklaroi sot kryeministri Rama gjat\u00eb nj\u00eb intervist\u00eb n\u00eb Report TV?<\/p>\n<p>\u201cPas 25 prillit jam i gatsh\u00ebm t\u00eb bashk\u00ebpunoj me opozit\u00ebn dhe me Bash\u00ebn, por me nj\u00eb kusht t\u00eb thjesht q\u00eb t\u00eb ndahet nga Meta dhe Berisha. P\u00ebr t\u00eb transformuar nj\u00eb jet\u00eb politike q\u00eb \u00ebsht\u00eb realisht q\u00eb \u00ebsht\u00eb kthyer n\u00eb stres p\u00ebr shqiptar\u00ebt. Bashk\u00ebpunim ngusht\u00ebsisht si n\u00eb vendet q\u00eb ne duam t\u00eb arrijm\u00eb dhe atyre q\u00eb ne duam t\u2019i ngjajm\u00eb, nuk flas p\u00ebr gj\u00ebra konkrete, se ne do kemi shumic\u00ebn, pra nuk do t\u00eb kemi probleme t\u00eb k\u00ebsaj natyre, por sidoqoft\u00eb n\u00eb em\u00ebr t\u00eb shumic\u00ebs un\u00eb jam shum\u00eb i gatsh\u00ebm t\u00eb shkoj p\u00ebrtej politik\u00ebs s\u00eb k\u00ebtyre viteve dhe t\u00eb angazhohem q\u00eb politika e ardhshme t\u00eb jet\u00eb 100% n\u00eb dispozicion t\u00eb projektit ekonomik, t\u00eb mir\u00ebqenies shqiptare, dhe asnj\u00eb p\u00ebrqind e fokusuar te vet\u00ebvetja, te politikan\u00ebt, jo te idiot\u00ebsis\u00eb. A do e pengoj\u00eb k\u00ebt\u00eb bashk\u00ebpunim Meta dhe Berisha? Duhet q\u00eb Lulzim Basha ta thot\u00eb q\u00eb do t\u00eb ndahet plot\u00ebsisht prej tyre\u201d, tha Rama.<\/p>\n<p>&nbsp;<\/p>","protected":false},"excerpt":{"rendered":"<p>Analisti Baton Haxhiu, ka folur n\u00eb studion e \u201cOpinion\u201d, ku e ka cil\u00ebsuar t\u00eb sinqert\u00eb nj\u00eb deklarat\u00eb t\u00eb Kryeministrit Rama, p\u00ebr t\u00eb patur bashk\u00ebpunim me kreun e opozit\u00ebs Basha, pas zgjedhjeve t\u00eb 25 Prillit. Haxhiu, tha se disa her\u00eb ka biseduar me Kryeministrin dhe e di t\u00eb sinqert\u00eb n\u00eb k\u00ebt\u00eb deklarat\u00eb. Haxhiu: Un\u00eb besoj q\u00eb [&hellip;]<\/p>\n","protected":false},"author":2016,"featured_media":177735,"comment_status":"closed","ping_status":"closed","sticky":false,"template":"","format":"standard","meta":{"footnotes":""},"categories":[241,1454],"tags":[2412],"class_list":{"0":"post-177733","1":"post","2":"type-post","3":"status-publish","4":"format-standard","5":"has-post-thumbnail","7":"category-aktualitet","8":"category-politike","9":"tag-lajme-zjarr-haxhiu-rama-eshte-i-sinqerte-zjarr-tv"},"_links":{"self":[{"href":"https:\/\/zjarr.tv\/en\/wp-json\/wp\/v2\/posts\/177733","targetHints":{"allow":["GET"]}}],"collection":[{"href":"https:\/\/zjarr.tv\/en\/wp-json\/wp\/v2\/posts"}],"about":[{"href":"https:\/\/zjarr.tv\/en\/wp-json\/wp\/v2\/types\/post"}],"author":[{"embeddable":true,"href":"https:\/\/zjarr.tv\/en\/wp-json\/wp\/v2\/users\/2016"}],"replies":[{"embeddable":true,"href":"https:\/\/zjarr.tv\/en\/wp-json\/wp\/v2\/comments?post=177733"}],"version-history":[{"count":0,"href":"https:\/\/zjarr.tv\/en\/wp-json\/wp\/v2\/posts\/177733\/revisions"}],"wp:featuredmedia":[{"embeddable":true,"href":"https:\/\/zjarr.tv\/en\/wp-json\/wp\/v2\/media\/177735"}],"wp:attachment":[{"href":"https:\/\/zjarr.tv\/en\/wp-json\/wp\/v2\/media?parent=177733"}],"wp:term":[{"taxonomy":"category","embeddable":true,"href":"https:\/\/zjarr.tv\/en\/wp-json\/wp\/v2\/categories?post=177733"},{"taxonomy":"post_tag","embeddable":true,"href":"https:\/\/zjarr.tv\/en\/wp-json\/wp\/v2\/tags?post=177733"}],"curies":[{"name":"wp","href":"https:\/\/api.w.org\/{rel}","templated":true}]}}