{"id":177744,"date":"2021-04-15T08:17:47","date_gmt":"2021-04-15T06:17:47","guid":{"rendered":"https:\/\/zjarr.tv\/?p=177744"},"modified":"2021-04-15T08:17:47","modified_gmt":"2021-04-15T06:17:47","slug":"thirrjet-rama-ik-ne-diber-kryeministri-qytetarit-ku-te-iki-mo","status":"publish","type":"post","link":"https:\/\/zjarr.tv\/en\/thirrjet-rama-ik-ne-diber-kryeministri-qytetarit-ku-te-iki-mo\/","title":{"rendered":"Thirrjet \u201cRama ik\u201d n\u00eb Dib\u00ebr\/ Kryeministri-qytetarit: Ku t\u00eb iki mo?"},"content":{"rendered":"<p>Dit\u00ebn e djeshme, ndalesa e Kryeministri Edi Rama, n\u00eb kuad\u00ebr t\u00eb fushat\u00ebs elektorale t\u00eb zgjedhjeve t\u00eb 25 Prillit, ishte n\u00eb Dib\u00ebr, teksa \u00ebsht\u00eb p\u00ebrballur edhe me thirrjet \u201cRama ik\u201d.<\/p>\n<p>Nga ballkoni i nj\u00eb banese, nj\u00eb qytetar i b\u00ebri k\u00ebt\u00eb thirrje Kryeministrit, teksa nuk ka vonuar as p\u00ebrgjigja e k\u00ebtij t\u00eb fundit.<\/p>\n<p>Rama u shpreh se nuk ka ku t\u00eb shkoj\u00eb, e tregoi episodin q\u00eb i ndodhi n\u00eb m\u00ebngjes, n\u00eb tunelin e tret\u00eb n\u00eb Rrug\u00ebn e Arbrit. Ai tha se edhe aty u ndesh me nj\u00eb demokrat, i cili e pyeti se kush do t\u00eb fitoj\u00eb? Nd\u00ebrsa p\u00ebrgjigja e Kryeministrit, ishte fiton Shqip\u00ebria dhe do nxjerrim Partin\u00eb Demokratike nga tuneli.<\/p>\n<p>\u201c<em style=\"font-weight: inherit;\">Doli nj\u00eb atje Rama ik, ku t\u00eb iki mo, doli n\u00eb ballkon. I erdhi mesazhin pllaka e gramafonit. Ku t\u00eb shkoj\u00eb? E kam fakt, thon\u00eb t\u00eb v\u00ebrtet\u00ebt t\u00eb shkret\u00ebt, ik se na plase sepse nuk munden dot. Nuk ka r\u00ebnd\u00ebsi, takova m\u2019u n\u00eb tunel nj\u00eb demokrat. M\u00eb doli me mask\u00eb dhe m\u00eb tha, a t\u00eb b\u00ebjm\u00eb nj\u00eb selfie, dakord e b\u00ebjm\u00eb i thash. M\u00eb tha kush fiton? Populli shqiptar i thash\u00eb dhe po pa merak se edhe PD do e nxjerrim nga tuneli. Ishte tuneli tre, si mandati tre.<\/em><\/p>\n<p><em style=\"font-weight: inherit;\">Po k\u00ebta q\u00eb thon\u00eb Rama Ik, p\u00ebr t\u00eb ik n\u00eb Tiron, do i bien nga rruga jon\u00eb dhe jo e Lulit. Luli kishte th\u00ebn\u00eb do hap Universitet n\u00eb Peshkopi, prap\u00eb nga e para. Jo ne nuk do t\u00eb hapim universitet n\u00eb Peshkopi, por do t\u00eb b\u00ebjm\u00eb q\u00eb t\u00eb rinjt\u00eb e t\u00eb rejat t\u00eb universitet e Tiran\u00ebs dhe do t\u00eb sjellim universitetet m\u00eb t\u00eb mira Evropiane, ku do t\u00eb merret nj\u00eb diplom\u00eb e nj\u00ebjt\u00eb me ato t\u00eb universiteteve Evropiane. . Universitetet n\u00eb Peshkopi i hap Luli dhe dekan do t\u00eb jet\u00eb Xhelal Mziu\u201d,<\/em>\u00a0u shpreh Rama.<\/p>\n<p>&nbsp;<\/p>","protected":false},"excerpt":{"rendered":"<p>Dit\u00ebn e djeshme, ndalesa e Kryeministri Edi Rama, n\u00eb kuad\u00ebr t\u00eb fushat\u00ebs elektorale t\u00eb zgjedhjeve t\u00eb 25 Prillit, ishte n\u00eb Dib\u00ebr, teksa \u00ebsht\u00eb p\u00ebrballur edhe me thirrjet \u201cRama ik\u201d. Nga ballkoni i nj\u00eb banese, nj\u00eb qytetar i b\u00ebri k\u00ebt\u00eb thirrje Kryeministrit, teksa nuk ka vonuar as p\u00ebrgjigja e k\u00ebtij t\u00eb fundit. Rama u shpreh se [&hellip;]<\/p>\n","protected":false},"author":2016,"featured_media":177746,"comment_status":"closed","ping_status":"closed","sticky":false,"template":"","format":"standard","meta":{"footnotes":""},"categories":[241],"tags":[2414],"class_list":{"0":"post-177744","1":"post","2":"type-post","3":"status-publish","4":"format-standard","5":"has-post-thumbnail","7":"category-aktualitet","8":"tag-lajme-zjarr-thirrjet-rama-ik-ndaj-kryeministrit-ne-diber-zjarr-tv"},"_links":{"self":[{"href":"https:\/\/zjarr.tv\/en\/wp-json\/wp\/v2\/posts\/177744","targetHints":{"allow":["GET"]}}],"collection":[{"href":"https:\/\/zjarr.tv\/en\/wp-json\/wp\/v2\/posts"}],"about":[{"href":"https:\/\/zjarr.tv\/en\/wp-json\/wp\/v2\/types\/post"}],"author":[{"embeddable":true,"href":"https:\/\/zjarr.tv\/en\/wp-json\/wp\/v2\/users\/2016"}],"replies":[{"embeddable":true,"href":"https:\/\/zjarr.tv\/en\/wp-json\/wp\/v2\/comments?post=177744"}],"version-history":[{"count":0,"href":"https:\/\/zjarr.tv\/en\/wp-json\/wp\/v2\/posts\/177744\/revisions"}],"wp:featuredmedia":[{"embeddable":true,"href":"https:\/\/zjarr.tv\/en\/wp-json\/wp\/v2\/media\/177746"}],"wp:attachment":[{"href":"https:\/\/zjarr.tv\/en\/wp-json\/wp\/v2\/media?parent=177744"}],"wp:term":[{"taxonomy":"category","embeddable":true,"href":"https:\/\/zjarr.tv\/en\/wp-json\/wp\/v2\/categories?post=177744"},{"taxonomy":"post_tag","embeddable":true,"href":"https:\/\/zjarr.tv\/en\/wp-json\/wp\/v2\/tags?post=177744"}],"curies":[{"name":"wp","href":"https:\/\/api.w.org\/{rel}","templated":true}]}}