{"id":177747,"date":"2021-04-15T08:23:18","date_gmt":"2021-04-15T06:23:18","guid":{"rendered":"https:\/\/zjarr.tv\/?p=177747"},"modified":"2021-04-15T08:26:47","modified_gmt":"2021-04-15T06:26:47","slug":"bashkepunim-pas-25-prillit-premtimi-i-bashes-rama-nuk-do-jete-kurre-pjese-e-qeverisjes-sone","status":"publish","type":"post","link":"https:\/\/zjarr.tv\/en\/bashkepunim-pas-25-prillit-premtimi-i-bashes-rama-nuk-do-jete-kurre-pjese-e-qeverisjes-sone\/","title":{"rendered":"Bashk\u00ebpunim pas 25 Prillit? Premtimi i Bash\u00ebs: Rama nuk do jet\u00eb kurr\u00eb pjes\u00eb e qeverisjes son\u00eb\u2026"},"content":{"rendered":"<p>Lideri demokrat Lulzim Basha, u k\u00ebrkon qytetar\u00ebve q\u00eb t\u00eb votojn\u00eb Partin\u00eb Demokratike n\u00eb 25 Prill, p\u00ebr t\u00eb larguar Edi Ram\u00ebn dhe t\u00eb rrin\u00eb t\u00eb qet\u00eb. Duke iu p\u00ebrgjigjur Kryeministrit, por edhe siguruar qytetar\u00ebt, Basha thot\u00eb se Edi Rama nuk do t\u00eb jet\u00eb kurr\u00eb pjes\u00eb e qeverisjes s\u00eb PD-s\u00eb.<\/p>\n<p>\u201c<em>N\u00eb 25 prill shqiptar\u00ebt do votojn\u00eb numrin 9 p\u00ebr ta larguar Ram\u00ebn dhe ai nuk do jet\u00eb kurr\u00eb pjes\u00eb e qeverisjes son\u00eb. Koha e tij ka mbaruar.<\/em><\/p>\n<p><em>Ne do t\u00eb sjellim ndryshimin dhe Shqip\u00ebria do fitoj\u00eb<\/em>\u201d shkruan Basha, pasi Edi Rama deklaroi se \u00ebsht\u00eb gati q\u00eb t\u00eb bashk\u00ebpunoj\u00eb me liderin e PD-s\u00eb pas 25 Prillit, me kushtin q\u00eb t\u00eb distancohet nga Berisha dhe Meta.<\/p>\n<p>&nbsp;<\/p>","protected":false},"excerpt":{"rendered":"<p>Lideri demokrat Lulzim Basha, u k\u00ebrkon qytetar\u00ebve q\u00eb t\u00eb votojn\u00eb Partin\u00eb Demokratike n\u00eb 25 Prill, p\u00ebr t\u00eb larguar Edi Ram\u00ebn dhe t\u00eb rrin\u00eb t\u00eb qet\u00eb. Duke iu p\u00ebrgjigjur Kryeministrit, por edhe siguruar qytetar\u00ebt, Basha thot\u00eb se Edi Rama nuk do t\u00eb jet\u00eb kurr\u00eb pjes\u00eb e qeverisjes s\u00eb PD-s\u00eb. \u201cN\u00eb 25 prill shqiptar\u00ebt do votojn\u00eb numrin [&hellip;]<\/p>\n","protected":false},"author":2016,"featured_media":177751,"comment_status":"closed","ping_status":"closed","sticky":false,"template":"","format":"standard","meta":{"footnotes":""},"categories":[241,1454],"tags":[2415],"class_list":{"0":"post-177747","1":"post","2":"type-post","3":"status-publish","4":"format-standard","5":"has-post-thumbnail","7":"category-aktualitet","8":"category-politike","9":"tag-lajme-zjarr-basha-rama-sdo-qeverise-kurre-me-mua-zjarr-tv"},"_links":{"self":[{"href":"https:\/\/zjarr.tv\/en\/wp-json\/wp\/v2\/posts\/177747","targetHints":{"allow":["GET"]}}],"collection":[{"href":"https:\/\/zjarr.tv\/en\/wp-json\/wp\/v2\/posts"}],"about":[{"href":"https:\/\/zjarr.tv\/en\/wp-json\/wp\/v2\/types\/post"}],"author":[{"embeddable":true,"href":"https:\/\/zjarr.tv\/en\/wp-json\/wp\/v2\/users\/2016"}],"replies":[{"embeddable":true,"href":"https:\/\/zjarr.tv\/en\/wp-json\/wp\/v2\/comments?post=177747"}],"version-history":[{"count":0,"href":"https:\/\/zjarr.tv\/en\/wp-json\/wp\/v2\/posts\/177747\/revisions"}],"wp:featuredmedia":[{"embeddable":true,"href":"https:\/\/zjarr.tv\/en\/wp-json\/wp\/v2\/media\/177751"}],"wp:attachment":[{"href":"https:\/\/zjarr.tv\/en\/wp-json\/wp\/v2\/media?parent=177747"}],"wp:term":[{"taxonomy":"category","embeddable":true,"href":"https:\/\/zjarr.tv\/en\/wp-json\/wp\/v2\/categories?post=177747"},{"taxonomy":"post_tag","embeddable":true,"href":"https:\/\/zjarr.tv\/en\/wp-json\/wp\/v2\/tags?post=177747"}],"curies":[{"name":"wp","href":"https:\/\/api.w.org\/{rel}","templated":true}]}}