{"id":177777,"date":"2021-04-15T10:52:53","date_gmt":"2021-04-15T08:52:53","guid":{"rendered":"https:\/\/zjarr.tv\/?p=177777"},"modified":"2021-04-15T10:55:06","modified_gmt":"2021-04-15T08:55:06","slug":"rama-nxjerr-pamjet-nga-lungomare2-ishte-me-ferra-tani-plazh-publik-me-5-yje","status":"publish","type":"post","link":"https:\/\/zjarr.tv\/en\/rama-nxjerr-pamjet-nga-lungomare2-ishte-me-ferra-tani-plazh-publik-me-5-yje\/","title":{"rendered":"Rama nxjerr pamjet nga Lungomare2: Ishte me ferra, tani plazh publik me 5 yje\u2026"},"content":{"rendered":"<p>Teksa na ndajn\u00eb vet\u00ebm dhjet\u00eb dit\u00eb nga Zgjedhjet Parlamentare t\u00eb 25 Prillit, Kryeministri Edi Rama, e ka nisur m\u00ebngjesin e sot\u00ebm duke publikuar nj\u00eb video n\u00eb rrjetet sociale, ku shfaq pamje nga Lungomare 2 e Vlor\u00ebs.<\/p>\n<p>Krahas videos s\u00eb publikuar, Rama shkruan se Lungomare 2, nga nj\u00eb turp publik me kioska e ferra, sot po kthehet n\u00eb hap\u00ebsira moderne me\u00a0plazhe publike me 5 yje.<\/p>\n<p>M\u00eb tej, Rama shkruan se tani q\u00eb po dalim nga tuneli i pandemis\u00eb, k\u00ebto investime do t\u00eb vijojn\u00eb jo vet\u00ebm n\u00eb Vlor\u00eb, por n\u00eb t\u00eb gjith\u00eb Shqip\u00ebrin\u00eb.<\/p>\n<p><em>\u201cMir\u00ebm\u00ebngjesi dhe me k\u00ebt\u00eb kartolin\u00eb nga Lungomare2 n\u00eb Vlor\u00eb, ku po p\u00ebrfundon plazhi publik me 5 yje aty ku deri dje ishte nj\u00eb turp publik me kioska e me ferra, duke ju th\u00ebn\u00eb t\u00eb gjith\u00ebve se tani q\u00eb po dalim nga tuneli i pandemis\u00eb, shum\u00eb m\u00eb shum\u00eb akoma do b\u00ebjm\u00eb p\u00ebr Vlor\u00ebn e krejt Shqip\u00ebrin\u00eb, ju uroj nj\u00eb dit\u00eb t\u00eb mbar\u00eb\u201d,\u00a0<\/em>shkruan Rama.<\/p>\n<p><img loading=\"lazy\" decoding=\"async\" class=\"alignnone size-full wp-image-177781\" src=\"https:\/\/zjarr.tv\/wp-content\/uploads\/2021\/04\/Rama-nxjerr-pamjet-.jpg\" alt=\"\" width=\"940\" height=\"788\" srcset=\"https:\/\/zjarr.tv\/wp-content\/uploads\/2021\/04\/Rama-nxjerr-pamjet-.jpg 940w, https:\/\/zjarr.tv\/wp-content\/uploads\/2021\/04\/Rama-nxjerr-pamjet--300x251.jpg 300w, https:\/\/zjarr.tv\/wp-content\/uploads\/2021\/04\/Rama-nxjerr-pamjet--768x644.jpg 768w, https:\/\/zjarr.tv\/wp-content\/uploads\/2021\/04\/Rama-nxjerr-pamjet--696x583.jpg 696w, https:\/\/zjarr.tv\/wp-content\/uploads\/2021\/04\/Rama-nxjerr-pamjet--501x420.jpg 501w\" sizes=\"auto, (max-width: 940px) 100vw, 940px\" \/><\/p>\n<p>&nbsp;<\/p>","protected":false},"excerpt":{"rendered":"<p>Teksa na ndajn\u00eb vet\u00ebm dhjet\u00eb dit\u00eb nga Zgjedhjet Parlamentare t\u00eb 25 Prillit, Kryeministri Edi Rama, e ka nisur m\u00ebngjesin e sot\u00ebm duke publikuar nj\u00eb video n\u00eb rrjetet sociale, ku shfaq pamje nga Lungomare 2 e Vlor\u00ebs. Krahas videos s\u00eb publikuar, Rama shkruan se Lungomare 2, nga nj\u00eb turp publik me kioska e ferra, sot po [&hellip;]<\/p>\n","protected":false},"author":2016,"featured_media":177779,"comment_status":"closed","ping_status":"closed","sticky":false,"template":"","format":"standard","meta":{"footnotes":""},"categories":[241],"tags":[2423],"class_list":{"0":"post-177777","1":"post","2":"type-post","3":"status-publish","4":"format-standard","5":"has-post-thumbnail","7":"category-aktualitet","8":"tag-lajme-zjarr-rama-nxjerr-pamjet-nga-lungomare2-zjarr-tv"},"_links":{"self":[{"href":"https:\/\/zjarr.tv\/en\/wp-json\/wp\/v2\/posts\/177777","targetHints":{"allow":["GET"]}}],"collection":[{"href":"https:\/\/zjarr.tv\/en\/wp-json\/wp\/v2\/posts"}],"about":[{"href":"https:\/\/zjarr.tv\/en\/wp-json\/wp\/v2\/types\/post"}],"author":[{"embeddable":true,"href":"https:\/\/zjarr.tv\/en\/wp-json\/wp\/v2\/users\/2016"}],"replies":[{"embeddable":true,"href":"https:\/\/zjarr.tv\/en\/wp-json\/wp\/v2\/comments?post=177777"}],"version-history":[{"count":0,"href":"https:\/\/zjarr.tv\/en\/wp-json\/wp\/v2\/posts\/177777\/revisions"}],"wp:featuredmedia":[{"embeddable":true,"href":"https:\/\/zjarr.tv\/en\/wp-json\/wp\/v2\/media\/177779"}],"wp:attachment":[{"href":"https:\/\/zjarr.tv\/en\/wp-json\/wp\/v2\/media?parent=177777"}],"wp:term":[{"taxonomy":"category","embeddable":true,"href":"https:\/\/zjarr.tv\/en\/wp-json\/wp\/v2\/categories?post=177777"},{"taxonomy":"post_tag","embeddable":true,"href":"https:\/\/zjarr.tv\/en\/wp-json\/wp\/v2\/tags?post=177777"}],"curies":[{"name":"wp","href":"https:\/\/api.w.org\/{rel}","templated":true}]}}