{"id":177787,"date":"2021-04-15T11:42:21","date_gmt":"2021-04-15T09:42:21","guid":{"rendered":"https:\/\/zjarr.tv\/?p=177787"},"modified":"2021-04-15T11:42:21","modified_gmt":"2021-04-15T09:42:21","slug":"vaksinimi-ne-sheshin-skenderbej-qytetaret-te-revoltuar-kemi-ore-qe-presim-kjo-behet-per-publicitet-qe-populli-te-shohe-se-po-behen-vaksinime","status":"publish","type":"post","link":"https:\/\/zjarr.tv\/en\/vaksinimi-ne-sheshin-skenderbej-qytetaret-te-revoltuar-kemi-ore-qe-presim-kjo-behet-per-publicitet-qe-populli-te-shohe-se-po-behen-vaksinime\/","title":{"rendered":"Vaksinimi n\u00eb sheshin Sk\u00ebnderbej\/ Qytetar\u00ebt t\u00eb revoltuar: Kemi or\u00eb q\u00eb presim, kjo b\u00ebhet p\u00ebr publicitet q\u00eb populli t\u00eb shoh\u00eb se po b\u00ebhen vaksinime\u2026"},"content":{"rendered":"<p>Dit\u00ebn e sotme, \u00ebsht\u00eb bllokuar procesi i vaksinimit n\u00eb sheshin Sk\u00ebnderbej prej disa or\u00ebsh.<\/p>\n<p>Qytetar\u00ebt u shpreh\u00ebn p\u00ebr Fax News, se shkak i vones\u00ebs s\u00eb procesit, \u00ebsht\u00eb mungesa e formular\u00ebve t\u00eb regjistrimit p\u00ebr vaksinim.<\/p>\n<p>Ata shprehen t\u00eb revoltuar dhe thon\u00eb se e gjitha kjo po b\u00ebhet vet\u00ebm p\u00ebr publicitet, q\u00eb njer\u00ebzit t\u00eb mendojn\u00eb se po kryhen vaksinime.<\/p>\n<p><em>\u201dKemi or\u00eb q\u00eb presim, nuk ka formular\u00eb, nuk respektohen distancat. Ndoshta e b\u00ebjn\u00eb p\u00ebr publicitet q\u00eb populli t\u00eb shoh\u00eb se po b\u00ebhen vaksinat\u201d-<\/em>\u00a0u shpreh nj\u00ebri prej qytetar\u00ebve.<\/p>\n<p>Nd\u00ebr t\u00eb tjera, qytetar\u00ebt thon\u00eb se ve\u00e7mas or\u00ebve q\u00eb presin p\u00ebr t\u2019u vaksinuar, ata ndihen n\u00eb rrezik nga infektimi i mundsh\u00ebm, duke qen\u00eb se distanca nuk po respektohet aspak.<\/p>\n<p>&nbsp;<\/p>\n<p>&nbsp;<\/p>","protected":false},"excerpt":{"rendered":"<p>Dit\u00ebn e sotme, \u00ebsht\u00eb bllokuar procesi i vaksinimit n\u00eb sheshin Sk\u00ebnderbej prej disa or\u00ebsh. Qytetar\u00ebt u shpreh\u00ebn p\u00ebr Fax News, se shkak i vones\u00ebs s\u00eb procesit, \u00ebsht\u00eb mungesa e formular\u00ebve t\u00eb regjistrimit p\u00ebr vaksinim. Ata shprehen t\u00eb revoltuar dhe thon\u00eb se e gjitha kjo po b\u00ebhet vet\u00ebm p\u00ebr publicitet, q\u00eb njer\u00ebzit t\u00eb mendojn\u00eb se po [&hellip;]<\/p>\n","protected":false},"author":2016,"featured_media":177789,"comment_status":"closed","ping_status":"closed","sticky":false,"template":"","format":"standard","meta":{"footnotes":""},"categories":[241],"tags":[2340],"class_list":{"0":"post-177787","1":"post","2":"type-post","3":"status-publish","4":"format-standard","5":"has-post-thumbnail","7":"category-aktualitet","8":"tag-lajme-zjarr-vaksinimi-ne-sheshin-skenderbej-zjarr-tv"},"_links":{"self":[{"href":"https:\/\/zjarr.tv\/en\/wp-json\/wp\/v2\/posts\/177787","targetHints":{"allow":["GET"]}}],"collection":[{"href":"https:\/\/zjarr.tv\/en\/wp-json\/wp\/v2\/posts"}],"about":[{"href":"https:\/\/zjarr.tv\/en\/wp-json\/wp\/v2\/types\/post"}],"author":[{"embeddable":true,"href":"https:\/\/zjarr.tv\/en\/wp-json\/wp\/v2\/users\/2016"}],"replies":[{"embeddable":true,"href":"https:\/\/zjarr.tv\/en\/wp-json\/wp\/v2\/comments?post=177787"}],"version-history":[{"count":0,"href":"https:\/\/zjarr.tv\/en\/wp-json\/wp\/v2\/posts\/177787\/revisions"}],"wp:featuredmedia":[{"embeddable":true,"href":"https:\/\/zjarr.tv\/en\/wp-json\/wp\/v2\/media\/177789"}],"wp:attachment":[{"href":"https:\/\/zjarr.tv\/en\/wp-json\/wp\/v2\/media?parent=177787"}],"wp:term":[{"taxonomy":"category","embeddable":true,"href":"https:\/\/zjarr.tv\/en\/wp-json\/wp\/v2\/categories?post=177787"},{"taxonomy":"post_tag","embeddable":true,"href":"https:\/\/zjarr.tv\/en\/wp-json\/wp\/v2\/tags?post=177787"}],"curies":[{"name":"wp","href":"https:\/\/api.w.org\/{rel}","templated":true}]}}