{"id":177796,"date":"2021-04-15T12:15:14","date_gmt":"2021-04-15T10:15:14","guid":{"rendered":"https:\/\/zjarr.tv\/?p=177796"},"modified":"2021-04-15T12:15:14","modified_gmt":"2021-04-15T10:15:14","slug":"votohet-per-here-te-pare-me-elektronike-ne-shqiperi-ja-pas-sa-oresh-do-te-dale-rezultati","status":"publish","type":"post","link":"https:\/\/zjarr.tv\/en\/votohet-per-here-te-pare-me-elektronike-ne-shqiperi-ja-pas-sa-oresh-do-te-dale-rezultati\/","title":{"rendered":"Votohet p\u00ebr her\u00eb t\u00eb par\u00eb me elektronik\u00eb n\u00eb Shqip\u00ebri, ja pas sa or\u00ebsh do t\u00eb dal\u00eb rezultati"},"content":{"rendered":"<p>Kryetari i Komisionit Q\u00ebndror t\u00eb Zgjedhjeve , Ilirjan Celibashi p\u00ebrmes nj\u00eb postimi ka b\u00ebr\u00eb t\u00eb ditur se rezultatet e zgjedhjeve p\u00ebr ZAZ 40 n\u00eb Tiran\u00eb do t\u00eb shpallen 13 or\u00eb pas p\u00ebrfundimit t\u00eb votimit.<\/p>\n<p>Ai shton se do t\u00eb zbatohet dhe projekti pilot i votimit dhe num\u00ebrimit elektronik.<\/p>\n<p><strong>Postimi i plot\u00eb:<\/strong><\/p>\n<p><em>\ud835\udc15\ud835\udc04\u0308\ud835\udc0c\ud835\udc04\ud835\udc0d\ud835\udc03\ud835\udc09\ud835\udc04!<\/em><\/p>\n<p><em>Shpallja e rezultatit n\u00eb or\u00ebn 8:00, t\u00eb dit\u00ebs s\u00eb nes\u00ebrme t\u00eb dit\u00ebs s\u00eb votimit, \ud835\udc1d\ud835\udc28 \ud835\udc2d\ud835\udc1e\u0308 \ud835\udc23\ud835\udc1e\ud835\udc2d\ud835\udc1e\u0308 \ud835\udc2f\ud835\udc1e\ud835\udc2d\ud835\udc1e\u0308\ud835\udc26 \ud835\udc29\ud835\udc1e\u0308\ud835\udc2b \ud835\udc19\ud835\udc00\ud835\udc19 \ud835\udfd2\ud835\udfce (TR).<\/em><\/p>\n<p><em>N\u00eb k\u00ebt\u00eb ZAZ do t\u00eb zbatohet projekti pilot i Votimit dhe Num\u00ebrimit Elektronik.<\/em><\/p>","protected":false},"excerpt":{"rendered":"<p>Kryetari i Komisionit Q\u00ebndror t\u00eb Zgjedhjeve , Ilirjan Celibashi p\u00ebrmes nj\u00eb postimi ka b\u00ebr\u00eb t\u00eb ditur se rezultatet e zgjedhjeve p\u00ebr ZAZ 40 n\u00eb Tiran\u00eb do t\u00eb shpallen 13 or\u00eb pas p\u00ebrfundimit t\u00eb votimit. Ai shton se do t\u00eb zbatohet dhe projekti pilot i votimit dhe num\u00ebrimit elektronik. Postimi i plot\u00eb: \ud835\udc15\ud835\udc04\u0308\ud835\udc0c\ud835\udc04\ud835\udc0d\ud835\udc03\ud835\udc09\ud835\udc04! Shpallja e rezultatit [&hellip;]<\/p>\n","protected":false},"author":2030,"featured_media":177797,"comment_status":"closed","ping_status":"closed","sticky":false,"template":"","format":"standard","meta":{"footnotes":""},"categories":[241,1454],"tags":[],"class_list":{"0":"post-177796","1":"post","2":"type-post","3":"status-publish","4":"format-standard","5":"has-post-thumbnail","7":"category-aktualitet","8":"category-politike"},"_links":{"self":[{"href":"https:\/\/zjarr.tv\/en\/wp-json\/wp\/v2\/posts\/177796","targetHints":{"allow":["GET"]}}],"collection":[{"href":"https:\/\/zjarr.tv\/en\/wp-json\/wp\/v2\/posts"}],"about":[{"href":"https:\/\/zjarr.tv\/en\/wp-json\/wp\/v2\/types\/post"}],"author":[{"embeddable":true,"href":"https:\/\/zjarr.tv\/en\/wp-json\/wp\/v2\/users\/2030"}],"replies":[{"embeddable":true,"href":"https:\/\/zjarr.tv\/en\/wp-json\/wp\/v2\/comments?post=177796"}],"version-history":[{"count":0,"href":"https:\/\/zjarr.tv\/en\/wp-json\/wp\/v2\/posts\/177796\/revisions"}],"wp:featuredmedia":[{"embeddable":true,"href":"https:\/\/zjarr.tv\/en\/wp-json\/wp\/v2\/media\/177797"}],"wp:attachment":[{"href":"https:\/\/zjarr.tv\/en\/wp-json\/wp\/v2\/media?parent=177796"}],"wp:term":[{"taxonomy":"category","embeddable":true,"href":"https:\/\/zjarr.tv\/en\/wp-json\/wp\/v2\/categories?post=177796"},{"taxonomy":"post_tag","embeddable":true,"href":"https:\/\/zjarr.tv\/en\/wp-json\/wp\/v2\/tags?post=177796"}],"curies":[{"name":"wp","href":"https:\/\/api.w.org\/{rel}","templated":true}]}}