{"id":177812,"date":"2021-04-15T13:25:58","date_gmt":"2021-04-15T11:25:58","guid":{"rendered":"https:\/\/zjarr.tv\/?p=177812"},"modified":"2021-04-15T13:25:58","modified_gmt":"2021-04-15T11:25:58","slug":"zgjedhjet-e-25-prillit-ne-vlore-kim-zbarkon-ne-zonen-e-debateve-flet-nga-vlora-kontribuoni-per-nje-demokraci-me-te-forte","status":"publish","type":"post","link":"https:\/\/zjarr.tv\/en\/zgjedhjet-e-25-prillit-ne-vlore-kim-zbarkon-ne-zonen-e-debateve-flet-nga-vlora-kontribuoni-per-nje-demokraci-me-te-forte\/","title":{"rendered":"Zgjedhjet e 25 prillit n\u00eb Vlor\u00eb, Kim zbarkon n\u00eb \u2018zon\u00ebn e debateve\u2019, flet nga Vlora: Kontribuoni p\u00ebr nj\u00eb demokraci m\u00eb t\u00eb fort\u00eb"},"content":{"rendered":"<p><strong>Yuri Kim :<\/strong> <em>Gjat\u00eb vizit\u00ebs s\u00eb saj sot n\u00eb Vlor\u00eb, Ambasadorja Kim u takua me nj\u00eb grup p\u00ebrfaq\u00ebsuesish t\u00eb shoq\u00ebris\u00eb civile p\u00ebr t\u00eb d\u00ebgjuar pik\u00ebpamjet e tyre mbi zgjedhjet e ardhshme. Grupi diskutoi mbi integritetin e kandidat\u00ebve, edukimin e votuesve, \u00e7\u00ebshtjet e barazis\u00eb gjinore dhe r\u00ebnd\u00ebsin\u00eb e monitorimit t\u00eb zgjedhjeve. Ambasadorja theksoi rolin q\u00eb shoq\u00ebria civile duhet t\u00eb luaj\u00eb n\u00eb zgjedhjet e ardhshme duke nxitur t\u00eb gjith\u00eb qytetar\u00ebt t\u00eb votojn\u00eb &#8211; ve\u00e7an\u00ebrisht t\u00eb rinjt\u00eb, duke informuar votuesit p\u00ebr t\u00eb drejtat dhe p\u00ebrgjegj\u00ebsit\u00eb e tyre, si edhe duke kontribuar p\u00ebr nj\u00eb shoq\u00ebri m\u00eb t\u00eb drejt\u00eb dhe demokraci m\u00eb t\u00eb fort\u00eb n\u00eb Shqip\u00ebri.<\/em><\/p>","protected":false},"excerpt":{"rendered":"<p>Yuri Kim : Gjat\u00eb vizit\u00ebs s\u00eb saj sot n\u00eb Vlor\u00eb, Ambasadorja Kim u takua me nj\u00eb grup p\u00ebrfaq\u00ebsuesish t\u00eb shoq\u00ebris\u00eb civile p\u00ebr t\u00eb d\u00ebgjuar pik\u00ebpamjet e tyre mbi zgjedhjet e ardhshme. Grupi diskutoi mbi integritetin e kandidat\u00ebve, edukimin e votuesve, \u00e7\u00ebshtjet e barazis\u00eb gjinore dhe r\u00ebnd\u00ebsin\u00eb e monitorimit t\u00eb zgjedhjeve. Ambasadorja theksoi rolin q\u00eb shoq\u00ebria [&hellip;]<\/p>\n","protected":false},"author":2030,"featured_media":177813,"comment_status":"closed","ping_status":"closed","sticky":false,"template":"","format":"standard","meta":{"footnotes":""},"categories":[241,1454],"tags":[451,2383,329],"class_list":{"0":"post-177812","1":"post","2":"type-post","3":"status-publish","4":"format-standard","5":"has-post-thumbnail","7":"category-aktualitet","8":"category-politike","9":"tag-lajme-zjarr","10":"tag-yuri-kim","11":"tag-zjarr-tv"},"_links":{"self":[{"href":"https:\/\/zjarr.tv\/en\/wp-json\/wp\/v2\/posts\/177812","targetHints":{"allow":["GET"]}}],"collection":[{"href":"https:\/\/zjarr.tv\/en\/wp-json\/wp\/v2\/posts"}],"about":[{"href":"https:\/\/zjarr.tv\/en\/wp-json\/wp\/v2\/types\/post"}],"author":[{"embeddable":true,"href":"https:\/\/zjarr.tv\/en\/wp-json\/wp\/v2\/users\/2030"}],"replies":[{"embeddable":true,"href":"https:\/\/zjarr.tv\/en\/wp-json\/wp\/v2\/comments?post=177812"}],"version-history":[{"count":0,"href":"https:\/\/zjarr.tv\/en\/wp-json\/wp\/v2\/posts\/177812\/revisions"}],"wp:featuredmedia":[{"embeddable":true,"href":"https:\/\/zjarr.tv\/en\/wp-json\/wp\/v2\/media\/177813"}],"wp:attachment":[{"href":"https:\/\/zjarr.tv\/en\/wp-json\/wp\/v2\/media?parent=177812"}],"wp:term":[{"taxonomy":"category","embeddable":true,"href":"https:\/\/zjarr.tv\/en\/wp-json\/wp\/v2\/categories?post=177812"},{"taxonomy":"post_tag","embeddable":true,"href":"https:\/\/zjarr.tv\/en\/wp-json\/wp\/v2\/tags?post=177812"}],"curies":[{"name":"wp","href":"https:\/\/api.w.org\/{rel}","templated":true}]}}