{"id":178002,"date":"2021-04-16T12:46:48","date_gmt":"2021-04-16T10:46:48","guid":{"rendered":"https:\/\/zjarr.tv\/?p=178002"},"modified":"2021-04-16T12:46:48","modified_gmt":"2021-04-16T10:46:48","slug":"rama-ben-pas-ne-thirrjen-per-bashkepunim-me-bashen-thirrja-ime-nuk-eshte-hajt-te-beme-qeveri-sic-e-beme-me-liken-nga-halli-ne-nuk-kemi-nevoje-per-vota-sepse-ne-25-prill-do-te-kemi-shumicen","status":"publish","type":"post","link":"https:\/\/zjarr.tv\/en\/rama-ben-pas-ne-thirrjen-per-bashkepunim-me-bashen-thirrja-ime-nuk-eshte-hajt-te-beme-qeveri-sic-e-beme-me-liken-nga-halli-ne-nuk-kemi-nevoje-per-vota-sepse-ne-25-prill-do-te-kemi-shumicen\/","title":{"rendered":"Rama b\u00ebn pas n\u00eb thirrjen p\u00ebr bashk\u00ebpunim me Bash\u00ebn: Thirrja ime nuk \u00ebsht\u00eb hajt t\u00eb b\u00ebm\u00eb qeveri sic e b\u00ebm\u00eb me Liken nga halli, ne nuk kemi nevoj\u00eb p\u00ebr vota sepse n\u00eb 25 Prill do t\u00eb kemi shumic\u00ebn"},"content":{"rendered":"<p>Gjat\u00eb fjalimit t\u00eb tij , Rama nuk ka l\u00ebn\u00eb pa p\u00ebrmendur edhe zhurm\u00ebn mediatike q\u00eb u b\u00eb rreth thirrjes p\u00ebr bashk\u00ebpunim q\u00eb ai drejtoi ndaj kryetarit t\u00eb PD, Lulzim Bash\u00ebs.<\/p>\n<p>Kryeministri hoqi dor\u00eb nga ftesa e b\u00ebr\u00eb duke th\u00ebn\u00eb se nuk ishte nj\u00eb thirrje p\u00ebr t\u00eb b\u00ebr\u00eb qeveri nga halli si ajo q\u00eb kishte b\u00ebr\u00eb me LSI n\u00eb mandatin e par\u00eb, por ishte nj\u00eb thirrje p\u00ebr bashkim.<\/p>\n<p>Nd\u00ebr t\u00eb tjera ai shpreh i sigurt se partia Socialiste nuk kishte nevoj\u00eb p\u00ebr vota, pasi m\u00eb 25 Prill do t\u00eb ket\u00eb shumic\u00ebn.<\/p>\n<p>\u201c<em>Thirrja ime nuk \u00ebsht\u00eb hajt t\u00eb b\u00ebjm\u00eb qeveri sic e b\u00ebm\u00eb me Liken nga halli, nuk kemi nevoj\u00eb t\u00eb k\u00ebrkojm\u00eb vota sepse ne me 25 prill do t\u00eb kemi shumic\u00ebn politike.<\/em><\/p>\n<p><em>\u00cbsht\u00eb nj\u00eb thirrje p\u00ebr t\u2019a b\u00ebr\u00eb politik\u00ebn t\u2019i ngjaj\u00eb sa m\u00eb shum\u00eb shqiptar\u00ebve, p\u00ebrball\u00eb pandemis\u00eb, p\u00ebrball\u00eb t\u00ebrmetit, p\u00ebrball\u00eb tragjedis\u00eb.<\/em><\/p>\n<p><em>Politika duhet t\u00eb b\u00ebj\u00eb q\u00eb bashkimi t\u00eb mos vij\u00eb nga vuajtja apo nga halli por t\u00eb vij\u00eb sepse \u00ebsht\u00eb detyrimi m\u00eb i r\u00ebnd\u00ebsish\u00ebm ndaj njer\u00ebzve. P\u00ebr t\u2019a b\u00ebr\u00eb politik\u00ebn nj\u00eb hap\u00ebsir\u00eb ku t\u00eb rinjt\u00eb t\u00eb mos ken\u00eb frik\u00eb t\u00eb hyjn\u00eb, ku shum\u00eb Ogerta, shum\u00eb Bora, shum\u00eb Edona t\u00eb mos ken\u00eb frik\u00eb t\u00eb hyn\u00eb, t\u00eb mos ken\u00eb frik\u00eb t\u00eb p\u00ebrfshihen se u bie n\u00eb kok\u00eb balta e qiellit<\/em>\u201d, tha Rama.<\/p>","protected":false},"excerpt":{"rendered":"<p>Gjat\u00eb fjalimit t\u00eb tij , Rama nuk ka l\u00ebn\u00eb pa p\u00ebrmendur edhe zhurm\u00ebn mediatike q\u00eb u b\u00eb rreth thirrjes p\u00ebr bashk\u00ebpunim q\u00eb ai drejtoi ndaj kryetarit t\u00eb PD, Lulzim Bash\u00ebs. Kryeministri hoqi dor\u00eb nga ftesa e b\u00ebr\u00eb duke th\u00ebn\u00eb se nuk ishte nj\u00eb thirrje p\u00ebr t\u00eb b\u00ebr\u00eb qeveri nga halli si ajo q\u00eb kishte b\u00ebr\u00eb [&hellip;]<\/p>\n","protected":false},"author":2030,"featured_media":178003,"comment_status":"closed","ping_status":"closed","sticky":false,"template":"","format":"standard","meta":{"footnotes":""},"categories":[241,1454],"tags":[],"class_list":{"0":"post-178002","1":"post","2":"type-post","3":"status-publish","4":"format-standard","5":"has-post-thumbnail","7":"category-aktualitet","8":"category-politike"},"_links":{"self":[{"href":"https:\/\/zjarr.tv\/en\/wp-json\/wp\/v2\/posts\/178002","targetHints":{"allow":["GET"]}}],"collection":[{"href":"https:\/\/zjarr.tv\/en\/wp-json\/wp\/v2\/posts"}],"about":[{"href":"https:\/\/zjarr.tv\/en\/wp-json\/wp\/v2\/types\/post"}],"author":[{"embeddable":true,"href":"https:\/\/zjarr.tv\/en\/wp-json\/wp\/v2\/users\/2030"}],"replies":[{"embeddable":true,"href":"https:\/\/zjarr.tv\/en\/wp-json\/wp\/v2\/comments?post=178002"}],"version-history":[{"count":0,"href":"https:\/\/zjarr.tv\/en\/wp-json\/wp\/v2\/posts\/178002\/revisions"}],"wp:featuredmedia":[{"embeddable":true,"href":"https:\/\/zjarr.tv\/en\/wp-json\/wp\/v2\/media\/178003"}],"wp:attachment":[{"href":"https:\/\/zjarr.tv\/en\/wp-json\/wp\/v2\/media?parent=178002"}],"wp:term":[{"taxonomy":"category","embeddable":true,"href":"https:\/\/zjarr.tv\/en\/wp-json\/wp\/v2\/categories?post=178002"},{"taxonomy":"post_tag","embeddable":true,"href":"https:\/\/zjarr.tv\/en\/wp-json\/wp\/v2\/tags?post=178002"}],"curies":[{"name":"wp","href":"https:\/\/api.w.org\/{rel}","templated":true}]}}