{"id":178044,"date":"2021-04-16T16:02:21","date_gmt":"2021-04-16T14:02:21","guid":{"rendered":"https:\/\/zjarr.tv\/?p=178044"},"modified":"2021-04-16T16:02:21","modified_gmt":"2021-04-16T14:02:21","slug":"vajza-e-jozefina-topallit-perfshihet-ne-fushate-si-rralle-here-publikon-foton-e-shkodres-dhe-jep-mesazhin","status":"publish","type":"post","link":"https:\/\/zjarr.tv\/en\/vajza-e-jozefina-topallit-perfshihet-ne-fushate-si-rralle-here-publikon-foton-e-shkodres-dhe-jep-mesazhin\/","title":{"rendered":"Vajza e Jozefina Topallit p\u00ebrfshihet n\u00eb fushat\u00eb, si rrall\u00eb her\u00eb publikon foton e Shkodr\u00ebs dhe jep mesazhin"},"content":{"rendered":"<p>Megi Topalli, vajza e ish-kryeparlamentares Jozefina Topalli gjat\u00eb gjith\u00eb k\u00ebsaj kohe ka zgjedhur q\u00eb t\u00eb q\u00ebndroj\u00eb n\u00eb hije duke mos u p\u00ebrfshir\u00eb n\u00eb bot\u00ebn e politik\u00ebs. Rrall\u00eb her\u00eb e kemi par\u00eb at\u00eb t\u00eb diskutoj\u00eb ose t\u00eb reagoj\u00eb n\u00eb lidhje me \u00e7\u00ebshtjet politike.<\/p>\n<p>Duke qen\u00eb se jemi n\u00eb prag t\u00eb zgjedhjeve edhe Megi nuk ka shp\u00ebtuar pa u p\u00ebrfshir\u00eb n\u00eb fushtat\u00eb. Ajo ka sjell\u00eb nj\u00eb foto t\u00eb Shkodr\u00ebs n\u00eb vitin 2005 ku rrug\u00ebt e t\u00eb cil\u00ebs shihen t\u00eb jen\u00eb t\u00eb shkat\u00ebrruara.<\/p>\n<p>Ajo ka l\u00ebn\u00eb q\u00eb njer\u00ebzit t\u00eb perceptojn\u00eb ndryshimin q\u00eb \u00ebsht\u00eb b\u00ebr\u00eb q\u00eb prej atyre viteve me impenjimin e madh t\u00eb Jozefina Topallit n\u00eb investime p\u00ebr ndryshimin e k\u00ebtij vendi.<\/p>\n<p><img loading=\"lazy\" decoding=\"async\" class=\"alignnone size-medium wp-image-178045\" src=\"https:\/\/zjarr.tv\/wp-content\/uploads\/2021\/04\/ZJARR-TV-8-1-300x169.jpg\" alt=\"\" width=\"300\" height=\"169\" srcset=\"https:\/\/zjarr.tv\/wp-content\/uploads\/2021\/04\/ZJARR-TV-8-1-300x169.jpg 300w, https:\/\/zjarr.tv\/wp-content\/uploads\/2021\/04\/ZJARR-TV-8-1-1024x576.jpg 1024w, https:\/\/zjarr.tv\/wp-content\/uploads\/2021\/04\/ZJARR-TV-8-1-768x432.jpg 768w, https:\/\/zjarr.tv\/wp-content\/uploads\/2021\/04\/ZJARR-TV-8-1-1536x864.jpg 1536w, https:\/\/zjarr.tv\/wp-content\/uploads\/2021\/04\/ZJARR-TV-8-1-696x392.jpg 696w, https:\/\/zjarr.tv\/wp-content\/uploads\/2021\/04\/ZJARR-TV-8-1-1068x601.jpg 1068w, https:\/\/zjarr.tv\/wp-content\/uploads\/2021\/04\/ZJARR-TV-8-1-747x420.jpg 747w, https:\/\/zjarr.tv\/wp-content\/uploads\/2021\/04\/ZJARR-TV-8-1.jpg 1920w\" sizes=\"auto, (max-width: 300px) 100vw, 300px\" \/><\/p>\n<p>&nbsp;<\/p>","protected":false},"excerpt":{"rendered":"<p>Megi Topalli, vajza e ish-kryeparlamentares Jozefina Topalli gjat\u00eb gjith\u00eb k\u00ebsaj kohe ka zgjedhur q\u00eb t\u00eb q\u00ebndroj\u00eb n\u00eb hije duke mos u p\u00ebrfshir\u00eb n\u00eb bot\u00ebn e politik\u00ebs. Rrall\u00eb her\u00eb e kemi par\u00eb at\u00eb t\u00eb diskutoj\u00eb ose t\u00eb reagoj\u00eb n\u00eb lidhje me \u00e7\u00ebshtjet politike. Duke qen\u00eb se jemi n\u00eb prag t\u00eb zgjedhjeve edhe Megi nuk ka shp\u00ebtuar [&hellip;]<\/p>\n","protected":false},"author":2031,"featured_media":178046,"comment_status":"closed","ping_status":"closed","sticky":false,"template":"","format":"standard","meta":{"footnotes":""},"categories":[231],"tags":[2453,312,329],"class_list":{"0":"post-178044","1":"post","2":"type-post","3":"status-publish","4":"format-standard","5":"has-post-thumbnail","7":"category-lajme","8":"tag-jozefina-topalli","9":"tag-lajme","10":"tag-zjarr-tv"},"_links":{"self":[{"href":"https:\/\/zjarr.tv\/en\/wp-json\/wp\/v2\/posts\/178044","targetHints":{"allow":["GET"]}}],"collection":[{"href":"https:\/\/zjarr.tv\/en\/wp-json\/wp\/v2\/posts"}],"about":[{"href":"https:\/\/zjarr.tv\/en\/wp-json\/wp\/v2\/types\/post"}],"author":[{"embeddable":true,"href":"https:\/\/zjarr.tv\/en\/wp-json\/wp\/v2\/users\/2031"}],"replies":[{"embeddable":true,"href":"https:\/\/zjarr.tv\/en\/wp-json\/wp\/v2\/comments?post=178044"}],"version-history":[{"count":0,"href":"https:\/\/zjarr.tv\/en\/wp-json\/wp\/v2\/posts\/178044\/revisions"}],"wp:featuredmedia":[{"embeddable":true,"href":"https:\/\/zjarr.tv\/en\/wp-json\/wp\/v2\/media\/178046"}],"wp:attachment":[{"href":"https:\/\/zjarr.tv\/en\/wp-json\/wp\/v2\/media?parent=178044"}],"wp:term":[{"taxonomy":"category","embeddable":true,"href":"https:\/\/zjarr.tv\/en\/wp-json\/wp\/v2\/categories?post=178044"},{"taxonomy":"post_tag","embeddable":true,"href":"https:\/\/zjarr.tv\/en\/wp-json\/wp\/v2\/tags?post=178044"}],"curies":[{"name":"wp","href":"https:\/\/api.w.org\/{rel}","templated":true}]}}