{"id":178058,"date":"2021-04-16T16:37:09","date_gmt":"2021-04-16T14:37:09","guid":{"rendered":"https:\/\/zjarr.tv\/?p=178058"},"modified":"2021-04-16T16:37:09","modified_gmt":"2021-04-16T14:37:09","slug":"nga-ylli-dylgjeri-rama-vuan-nga-crregullimi-bipolar","status":"publish","type":"post","link":"https:\/\/zjarr.tv\/en\/nga-ylli-dylgjeri-rama-vuan-nga-crregullimi-bipolar\/","title":{"rendered":"Nga Ylli Dylgjeri\/ Rama vuan nga \u00e7rregullimi bipolar&#8230;"},"content":{"rendered":"<p>Nga Ylli Dylgjeri<\/p>\n<p>Rama vuan nga \u00e7rregullimi bipolar&#8230;<\/p>\n<p>A keni vene re se Rama po vuan nga disa ndryshime t\u00eb m\u00ebdha t\u00eb humorit? Kalon gjate fjalimeve ne publik nga N&#8217;oc Rroku te Batmani, pastaj te Borebardha, me tej shkon te Xhuxhat&#8230;\u00c7rrekullime ne personazhe, ne orientime, grupime, individe. \u00c7rregullim bipolar e quajne mjeket qe kurojne semundjet mendore. \u00c7rregullimi bipolar \u00ebsht\u00eb nj\u00eb lloj s\u00ebmundje e sh\u00ebndetit mendor, e karakterizuar nga ndryshime t\u00eb pazakonta t\u00eb humorit. Kete lloj sindromi e kane edhe njerzit qe vuajne nga histeria.<\/p>\n<p>E njohur gjithashtu si s\u00ebmundje bipolare ose depresion maniak, \u00ebsht\u00eb nj\u00eb s\u00ebmundje mendore q\u00eb shkakton ndryshime ekstreme t\u00eb humorit t\u00eb quajtura mani dhe shkakton episode depresioni. Njer\u00ebzit q\u00eb vuajn\u00eb nga kjo gjendje kan\u00eb probleme n\u00eb menaxhimin e detyrave t\u00eb tyre t\u00eb p\u00ebrditshme si dhe n\u00eb ruajtjen e marr\u00ebdh\u00ebnieve t\u00eb tyre. Ne fillim u duket se jane fitimtare pastaj bien ne panik e u rreshket gjysma e pushtetit. Nxitojne te gjejne gjysm\u00ebn tjeter&#8230;<\/p>\n<p>Se fundi, siptomat u shfaqen te kerkesa per nje bashkeqeverisje me Bashen. Dhe hop e ndan ne dysh veten. Le nje gjysem e merr nje gjysem kuturu.<\/p>\n<p>\u00cbsht\u00eb nj\u00eb gjendje e p\u00ebrjetshme q\u00eb nuk mund ta shmang vet\u00ebm, por ka disa zgjidhje se si mund t\u00eb menaxhohet ndryshimi i humorit dhe simptomat e tjera duke ndjekur disa m\u00ebnyra natyrore ne ajer te paster.<\/p>\n<p>Keshillat per te dale nga kjo gjendje do tja kerkojme mjekeve te fushes. Gjendja eshte e rende. Eshte nje patologji.<\/p>","protected":false},"excerpt":{"rendered":"<p>Nga Ylli Dylgjeri Rama vuan nga \u00e7rregullimi bipolar&#8230; A keni vene re se Rama po vuan nga disa ndryshime t\u00eb m\u00ebdha t\u00eb humorit? Kalon gjate fjalimeve ne publik nga N&#8217;oc Rroku te Batmani, pastaj te Borebardha, me tej shkon te Xhuxhat&#8230;\u00c7rrekullime ne personazhe, ne orientime, grupime, individe. \u00c7rregullim bipolar e quajne mjeket qe kurojne semundjet [&hellip;]<\/p>\n","protected":false},"author":2031,"featured_media":178059,"comment_status":"closed","ping_status":"closed","sticky":false,"template":"","format":"standard","meta":{"footnotes":""},"categories":[364],"tags":[312,355,287,329],"class_list":{"0":"post-178058","1":"post","2":"type-post","3":"status-publish","4":"format-standard","5":"has-post-thumbnail","7":"category-koment-opinion","8":"tag-lajme","9":"tag-opinion","10":"tag-ylli-dylgjeri","11":"tag-zjarr-tv"},"_links":{"self":[{"href":"https:\/\/zjarr.tv\/en\/wp-json\/wp\/v2\/posts\/178058","targetHints":{"allow":["GET"]}}],"collection":[{"href":"https:\/\/zjarr.tv\/en\/wp-json\/wp\/v2\/posts"}],"about":[{"href":"https:\/\/zjarr.tv\/en\/wp-json\/wp\/v2\/types\/post"}],"author":[{"embeddable":true,"href":"https:\/\/zjarr.tv\/en\/wp-json\/wp\/v2\/users\/2031"}],"replies":[{"embeddable":true,"href":"https:\/\/zjarr.tv\/en\/wp-json\/wp\/v2\/comments?post=178058"}],"version-history":[{"count":0,"href":"https:\/\/zjarr.tv\/en\/wp-json\/wp\/v2\/posts\/178058\/revisions"}],"wp:featuredmedia":[{"embeddable":true,"href":"https:\/\/zjarr.tv\/en\/wp-json\/wp\/v2\/media\/178059"}],"wp:attachment":[{"href":"https:\/\/zjarr.tv\/en\/wp-json\/wp\/v2\/media?parent=178058"}],"wp:term":[{"taxonomy":"category","embeddable":true,"href":"https:\/\/zjarr.tv\/en\/wp-json\/wp\/v2\/categories?post=178058"},{"taxonomy":"post_tag","embeddable":true,"href":"https:\/\/zjarr.tv\/en\/wp-json\/wp\/v2\/tags?post=178058"}],"curies":[{"name":"wp","href":"https:\/\/api.w.org\/{rel}","templated":true}]}}