{"id":178064,"date":"2021-04-16T17:42:12","date_gmt":"2021-04-16T15:42:12","guid":{"rendered":"https:\/\/zjarr.tv\/?p=178064"},"modified":"2021-04-16T17:42:12","modified_gmt":"2021-04-16T15:42:12","slug":"braho-quajti-meten-te-cmendur-zedhenesi-i-presidentit-i-poston-foton-e-sikletshme-as-sorre-nuk-je-foto","status":"publish","type":"post","link":"https:\/\/zjarr.tv\/en\/braho-quajti-meten-te-cmendur-zedhenesi-i-presidentit-i-poston-foton-e-sikletshme-as-sorre-nuk-je-foto\/","title":{"rendered":"Braho quajti Met\u00ebn t\u00eb \u00e7mendur, z\u00ebdh\u00ebn\u00ebsi i Presidentit i poston foton e sikletshme: As sorr\u00eb nuk je (FOTO)"},"content":{"rendered":"<p>Kandidati i Partis\u00eb Socialiste Spartak Braho gjat\u00eb dit\u00ebs s\u00eb sotme ka hedhur akuza ndaj Presidentit Ilir Meta duke e cil\u00ebsuar si t\u00eb \u00e7mendur.<\/p>\n<p>S\u00eb fundmi nj\u00eb kund\u00ebrp\u00ebrgjigje p\u00ebr Brahon ka l\u00ebshuar z\u00ebdh\u00ebn\u00ebsi i Presidentit, Ilir Meta, Tedi Blushi. Ky i fundit nuk i ka kursyer tonet e ashpra ndaj Brahos duke th\u00ebn\u00eb se edhe sorra ka m\u00eb shum\u00eb karakter se Spartak Braho. Nd\u00ebrkoh\u00eb si ilustrim Tedi Blushi ka shp\u00ebrndar\u00eb nj\u00eb foto aspak t\u00eb k\u00ebndshme t\u00eb Brahos.<\/p>\n<p>\u201cO Tak \u00c7i\u00e7i, nuk t\u00eb vjen turp, q\u00eb sulmon Ilir Met\u00ebn p\u00ebr llogari t\u00eb Edi Ram\u00ebs dhe t\u00eb gjith\u00eb antishqiptar\u00ebve, nga Skrapari i patriot\u00ebve dhe i atdhetar\u00ebve?<\/p>\n<p>Ti as sorr\u00eb nuk e meriton t\u00eb quhesh, se edhe sorra e ka nj\u00eb fije karakteri!\u201d shkruan Blushi.<\/p>\n<p><img loading=\"lazy\" decoding=\"async\" class=\"alignnone size-medium wp-image-178066\" src=\"https:\/\/zjarr.tv\/wp-content\/uploads\/2021\/04\/bd912ed9-e250-401f-97ff-3a4e00d90658-142x300.jpg\" alt=\"\" width=\"142\" height=\"300\" srcset=\"https:\/\/zjarr.tv\/wp-content\/uploads\/2021\/04\/bd912ed9-e250-401f-97ff-3a4e00d90658-142x300.jpg 142w, https:\/\/zjarr.tv\/wp-content\/uploads\/2021\/04\/bd912ed9-e250-401f-97ff-3a4e00d90658-485x1024.jpg 485w, https:\/\/zjarr.tv\/wp-content\/uploads\/2021\/04\/bd912ed9-e250-401f-97ff-3a4e00d90658-199x420.jpg 199w, https:\/\/zjarr.tv\/wp-content\/uploads\/2021\/04\/bd912ed9-e250-401f-97ff-3a4e00d90658.jpg 540w\" sizes=\"auto, (max-width: 142px) 100vw, 142px\" \/><\/p>","protected":false},"excerpt":{"rendered":"<p>Kandidati i Partis\u00eb Socialiste Spartak Braho gjat\u00eb dit\u00ebs s\u00eb sotme ka hedhur akuza ndaj Presidentit Ilir Meta duke e cil\u00ebsuar si t\u00eb \u00e7mendur. S\u00eb fundmi nj\u00eb kund\u00ebrp\u00ebrgjigje p\u00ebr Brahon ka l\u00ebshuar z\u00ebdh\u00ebn\u00ebsi i Presidentit, Ilir Meta, Tedi Blushi. Ky i fundit nuk i ka kursyer tonet e ashpra ndaj Brahos duke th\u00ebn\u00eb se edhe sorra [&hellip;]<\/p>\n","protected":false},"author":2031,"featured_media":178065,"comment_status":"closed","ping_status":"closed","sticky":false,"template":"","format":"standard","meta":{"footnotes":""},"categories":[1],"tags":[312,2454,2451,329],"class_list":{"0":"post-178064","1":"post","2":"type-post","3":"status-publish","4":"format-standard","5":"has-post-thumbnail","7":"category-uncategorized-sq","8":"tag-lajme","9":"tag-spartak-braho","10":"tag-tedi-blushi","11":"tag-zjarr-tv"},"_links":{"self":[{"href":"https:\/\/zjarr.tv\/en\/wp-json\/wp\/v2\/posts\/178064","targetHints":{"allow":["GET"]}}],"collection":[{"href":"https:\/\/zjarr.tv\/en\/wp-json\/wp\/v2\/posts"}],"about":[{"href":"https:\/\/zjarr.tv\/en\/wp-json\/wp\/v2\/types\/post"}],"author":[{"embeddable":true,"href":"https:\/\/zjarr.tv\/en\/wp-json\/wp\/v2\/users\/2031"}],"replies":[{"embeddable":true,"href":"https:\/\/zjarr.tv\/en\/wp-json\/wp\/v2\/comments?post=178064"}],"version-history":[{"count":0,"href":"https:\/\/zjarr.tv\/en\/wp-json\/wp\/v2\/posts\/178064\/revisions"}],"wp:featuredmedia":[{"embeddable":true,"href":"https:\/\/zjarr.tv\/en\/wp-json\/wp\/v2\/media\/178065"}],"wp:attachment":[{"href":"https:\/\/zjarr.tv\/en\/wp-json\/wp\/v2\/media?parent=178064"}],"wp:term":[{"taxonomy":"category","embeddable":true,"href":"https:\/\/zjarr.tv\/en\/wp-json\/wp\/v2\/categories?post=178064"},{"taxonomy":"post_tag","embeddable":true,"href":"https:\/\/zjarr.tv\/en\/wp-json\/wp\/v2\/tags?post=178064"}],"curies":[{"name":"wp","href":"https:\/\/api.w.org\/{rel}","templated":true}]}}