{"id":178075,"date":"2021-04-16T18:17:38","date_gmt":"2021-04-16T16:17:38","guid":{"rendered":"https:\/\/zjarr.tv\/?p=178075"},"modified":"2021-04-16T18:17:38","modified_gmt":"2021-04-16T16:17:38","slug":"kandidon-per-deputete-me-partine-demokratike-motorristet-i-bejne-surprizen-e-vecante","status":"publish","type":"post","link":"https:\/\/zjarr.tv\/en\/kandidon-per-deputete-me-partine-demokratike-motorristet-i-bejne-surprizen-e-vecante\/","title":{"rendered":"Kandidon p\u00ebr deputete me Partin\u00eb Demokratike, motorrist\u00ebt i b\u00ebjn\u00eb surpriz\u00ebn e ve\u00e7ant\u00eb"},"content":{"rendered":"<p>Prej disa koh\u00ebsh, moderatorja shum\u00eb e dashur p\u00ebr publikun, Ori Nebiaj \u00ebsht\u00eb e p\u00ebrfshir\u00eb n\u00eb politik\u00eb.<\/p>\n<p>S\u00eb fundmi, ajo ka kandidon p\u00ebr deputete me Partin\u00eb Demokratike n\u00eb qarkun e Tiran\u00ebs. Nebiaj vazhdon me fushat\u00ebn elektorale, pavar\u00ebsisht se na ndajn\u00eb vet\u00ebm 9 dit\u00eb nga zgjedhjet parlamentare.<\/p>\n<p>Sot, ajo ka marr\u00eb nj\u00eb surpriz\u00eb nga motorrist\u00ebt, t\u00eb cil\u00ebn e ka konsideruar t\u00eb papar\u00eb. Ata kan\u00eb krijuar me motorrat e tyre numrin 18 q\u00eb i p\u00ebrket Nebiajt dhe emrin e saj, Ori.<\/p>","protected":false},"excerpt":{"rendered":"<p>Prej disa koh\u00ebsh, moderatorja shum\u00eb e dashur p\u00ebr publikun, Ori Nebiaj \u00ebsht\u00eb e p\u00ebrfshir\u00eb n\u00eb politik\u00eb. S\u00eb fundmi, ajo ka kandidon p\u00ebr deputete me Partin\u00eb Demokratike n\u00eb qarkun e Tiran\u00ebs. Nebiaj vazhdon me fushat\u00ebn elektorale, pavar\u00ebsisht se na ndajn\u00eb vet\u00ebm 9 dit\u00eb nga zgjedhjet parlamentare. Sot, ajo ka marr\u00eb nj\u00eb surpriz\u00eb nga motorrist\u00ebt, t\u00eb cil\u00ebn [&hellip;]<\/p>\n","protected":false},"author":2031,"featured_media":178076,"comment_status":"closed","ping_status":"closed","sticky":false,"template":"","format":"standard","meta":{"footnotes":""},"categories":[231],"tags":[312,2456,2457,329],"class_list":{"0":"post-178075","1":"post","2":"type-post","3":"status-publish","4":"format-standard","5":"has-post-thumbnail","7":"category-lajme","8":"tag-lajme","9":"tag-ori","10":"tag-surprize","11":"tag-zjarr-tv"},"_links":{"self":[{"href":"https:\/\/zjarr.tv\/en\/wp-json\/wp\/v2\/posts\/178075","targetHints":{"allow":["GET"]}}],"collection":[{"href":"https:\/\/zjarr.tv\/en\/wp-json\/wp\/v2\/posts"}],"about":[{"href":"https:\/\/zjarr.tv\/en\/wp-json\/wp\/v2\/types\/post"}],"author":[{"embeddable":true,"href":"https:\/\/zjarr.tv\/en\/wp-json\/wp\/v2\/users\/2031"}],"replies":[{"embeddable":true,"href":"https:\/\/zjarr.tv\/en\/wp-json\/wp\/v2\/comments?post=178075"}],"version-history":[{"count":0,"href":"https:\/\/zjarr.tv\/en\/wp-json\/wp\/v2\/posts\/178075\/revisions"}],"wp:featuredmedia":[{"embeddable":true,"href":"https:\/\/zjarr.tv\/en\/wp-json\/wp\/v2\/media\/178076"}],"wp:attachment":[{"href":"https:\/\/zjarr.tv\/en\/wp-json\/wp\/v2\/media?parent=178075"}],"wp:term":[{"taxonomy":"category","embeddable":true,"href":"https:\/\/zjarr.tv\/en\/wp-json\/wp\/v2\/categories?post=178075"},{"taxonomy":"post_tag","embeddable":true,"href":"https:\/\/zjarr.tv\/en\/wp-json\/wp\/v2\/tags?post=178075"}],"curies":[{"name":"wp","href":"https:\/\/api.w.org\/{rel}","templated":true}]}}