{"id":178092,"date":"2021-04-17T08:40:00","date_gmt":"2021-04-17T06:40:00","guid":{"rendered":"https:\/\/zjarr.tv\/?p=178092"},"modified":"2021-04-17T08:40:18","modified_gmt":"2021-04-17T06:40:18","slug":"rama-perplaset-me-gazetaren-i-jep-leksione-per-termin-femer-femra-eshte-qeni-lepuri-dhe-macja","status":"publish","type":"post","link":"https:\/\/zjarr.tv\/en\/rama-perplaset-me-gazetaren-i-jep-leksione-per-termin-femer-femra-eshte-qeni-lepuri-dhe-macja\/","title":{"rendered":"Rama p\u00ebrplaset me gazetaren, i jep leksione p\u00ebr termin fem\u00ebr: Femra \u00ebsht\u00eb qeni, lepuri dhe macja\u2026"},"content":{"rendered":"<p>Kryeministri Edi Rama, mbr\u00ebmjen e djeshme, \u00ebsht\u00eb p\u00ebrplasur me gazetaren Pranvera boraku, gjat\u00eb nj\u00eb interviste ku po flitej p\u00ebr Zgjedhjet Parlamentare t\u00eb 25 Prillit.<\/p>\n<p>N\u00eb nj\u00eb moment gazetarja i tha q\u00eb Edi Rama i repsekton femrat., pik\u00ebrisht n\u00eb k\u00ebt\u00eb moment Rama vendosi t\u2019i b\u00ebj\u00eb leksione gazetares mbi fjal\u00ebn fem\u00ebr, duke i th\u00ebn\u00eb q\u00eb femra p\u00ebrdoret vet\u00ebm p\u00ebr kafsh\u00ebt, nd\u00ebrsa njeriu ka gra dhe vajza.<\/p>\n<p><strong>Pjes\u00eb nga biseda:\u00a0<\/strong><\/p>\n<p><em>Gazetarja: Edi Rama i respekton femrat.<\/em><\/p>\n<p><em>Rama: E para nj\u00ebher\u00eb n\u00eb k\u00ebt\u00eb rast nj\u00eb k\u00ebshill\u00eb. Femra \u00ebsht\u00eb femra e qenit, e lepurit, e maces. Ka gra dhe vajza. Ka gra dhe vajza. Femra nuk duhet p\u00ebrdorur se e ul gjinin\u00eb e bukur. Po flisja p\u00ebr opozit\u00ebn time t\u00eb brendshme. Po t\u00eb d\u00ebgjonit ju \u00e7far\u00eb i them un\u00eb Edi Ram\u00ebs me z\u00eb t\u00eb lart\u00eb\u2026<\/em><\/p>\n<p><em>Gazetarja: \u00c7far\u00eb note i vendos?<\/em><\/p>\n<p><em>Rama: K\u00ebt\u00eb nuk ta them. Edi Rama opozitar \u00ebsht\u00eb k\u00ebrkuesi m\u00eb i madh i Ram\u00ebs kryeminist\u00ebr.<\/em><\/p>\n<p><em>Gazetarja: Pse nuk e b\u00ebn?<\/em><\/p>\n<p><em>Rama: Ky \u00ebsht\u00eb dallimi mes opozit\u00ebs dhe qeveris\u00eb. Opozita \u00ebsht\u00eb maksimizimi i asaj q\u00eb mund t\u00eb imagjinohet se duhet b\u00ebr\u00eb dhe ka mund\u00ebsin\u00eb ta thot\u00eb se duhet b\u00ebr\u00eb. Nd\u00ebrsa qeveria \u00ebsht\u00eb ajo q\u00eb mund t\u00eb behet. N\u00eb opozit\u00eb shum\u00eb gj\u00ebra b\u00ebhen leht\u00eb. Nuk \u00ebsht\u00eb se Edi Rama kryeminist\u00ebr nuk p\u00ebrpiqet t\u00eb b\u00ebj\u00eb maksimumin q\u00eb i thot\u00eb Edi Rama opozitar.<\/em><\/p>\n<p>&nbsp;<\/p>","protected":false},"excerpt":{"rendered":"<p>Kryeministri Edi Rama, mbr\u00ebmjen e djeshme, \u00ebsht\u00eb p\u00ebrplasur me gazetaren Pranvera boraku, gjat\u00eb nj\u00eb interviste ku po flitej p\u00ebr Zgjedhjet Parlamentare t\u00eb 25 Prillit. N\u00eb nj\u00eb moment gazetarja i tha q\u00eb Edi Rama i repsekton femrat., pik\u00ebrisht n\u00eb k\u00ebt\u00eb moment Rama vendosi t\u2019i b\u00ebj\u00eb leksione gazetares mbi fjal\u00ebn fem\u00ebr, duke i th\u00ebn\u00eb q\u00eb femra p\u00ebrdoret [&hellip;]<\/p>\n","protected":false},"author":2016,"featured_media":178094,"comment_status":"closed","ping_status":"closed","sticky":false,"template":"","format":"standard","meta":{"footnotes":""},"categories":[241],"tags":[2461],"class_list":{"0":"post-178092","1":"post","2":"type-post","3":"status-publish","4":"format-standard","5":"has-post-thumbnail","7":"category-aktualitet","8":"tag-lajme-zjarr-rama-perplaset-me-gazetaren-zjarr-tv"},"_links":{"self":[{"href":"https:\/\/zjarr.tv\/en\/wp-json\/wp\/v2\/posts\/178092","targetHints":{"allow":["GET"]}}],"collection":[{"href":"https:\/\/zjarr.tv\/en\/wp-json\/wp\/v2\/posts"}],"about":[{"href":"https:\/\/zjarr.tv\/en\/wp-json\/wp\/v2\/types\/post"}],"author":[{"embeddable":true,"href":"https:\/\/zjarr.tv\/en\/wp-json\/wp\/v2\/users\/2016"}],"replies":[{"embeddable":true,"href":"https:\/\/zjarr.tv\/en\/wp-json\/wp\/v2\/comments?post=178092"}],"version-history":[{"count":0,"href":"https:\/\/zjarr.tv\/en\/wp-json\/wp\/v2\/posts\/178092\/revisions"}],"wp:featuredmedia":[{"embeddable":true,"href":"https:\/\/zjarr.tv\/en\/wp-json\/wp\/v2\/media\/178094"}],"wp:attachment":[{"href":"https:\/\/zjarr.tv\/en\/wp-json\/wp\/v2\/media?parent=178092"}],"wp:term":[{"taxonomy":"category","embeddable":true,"href":"https:\/\/zjarr.tv\/en\/wp-json\/wp\/v2\/categories?post=178092"},{"taxonomy":"post_tag","embeddable":true,"href":"https:\/\/zjarr.tv\/en\/wp-json\/wp\/v2\/tags?post=178092"}],"curies":[{"name":"wp","href":"https:\/\/api.w.org\/{rel}","templated":true}]}}