{"id":178096,"date":"2021-04-17T08:53:23","date_gmt":"2021-04-17T06:53:23","guid":{"rendered":"https:\/\/zjarr.tv\/?p=178096"},"modified":"2021-04-17T08:54:36","modified_gmt":"2021-04-17T06:54:36","slug":"flet-mjeku-dhe-zbulon-nderhyrjen-qe-ka-bere-shefja-e-infektivit-najda-comon-nuk-e-njihnin-as-te-shtepise-pas-ndryshimit-ne-pamje","status":"publish","type":"post","link":"https:\/\/zjarr.tv\/en\/flet-mjeku-dhe-zbulon-nderhyrjen-qe-ka-bere-shefja-e-infektivit-najda-comon-nuk-e-njihnin-as-te-shtepise-pas-ndryshimit-ne-pamje\/","title":{"rendered":"Flet mjeku dhe zbulon nd\u00ebrhyrjen q\u00eb ka b\u00ebr\u00eb shefja e Infektivit: Najda \u00c7omon nuk e njihnin as t\u00eb sht\u00ebpis\u00eb pas ndryshimit n\u00eb pamje\u2026"},"content":{"rendered":"<p>Shefja e spitalit Infektiv Najada \u00c7omo, i \u00e7uditi t\u00eb gjith\u00eb teksa u shfaq n\u00eb nj\u00eb emision televiziv t\u00ebr\u00ebsisht e transformuar, pa flok\u00ebt e kuqe q\u00eb jan\u00eb tipari i jasht\u00ebm m\u00eb dallues i saj.<\/p>\n<p>Por p\u00ebrve\u00e7 flok\u00ebve, dukej se n\u00eb fytyr\u00ebn e mjekes q\u00eb synon t\u00eb b\u00ebhet deputete n\u00eb Kuvend, ka pasur nj\u00eb nd\u00ebrhyrje q\u00eb nuk dim\u00eb t\u00eb themi n\u00ebse ka qen\u00eb apo jo botox.<\/p>\n<p>Kirurgu estetik Panajot Papa, i pyetur p\u00ebr ndryshimin e \u00c7omos tha se nuk p\u00ebrjashtohet mund\u00ebsia q\u00eb ajo t\u00eb ket\u00eb b\u00ebr\u00eb nj\u00eb botox n\u00eb pjes\u00ebn e ballit, por mund t\u00eb ekzistojn\u00eb dhe filtra n\u00eb aplikacione t\u00eb ndryshme, q\u00eb b\u00ebjn\u00eb q\u00eb pamja e njeriut t\u00eb jet\u00eb m\u00eb e re se ajo reale.<\/p>\n<p><em>\u201cN\u00eb k\u00ebt\u00eb lloj rasti, fotografia e dyt\u00eb ka m\u00eb shum\u00eb ndri\u00e7im. Fotografia n\u00eb k\u00ebt\u00eb lloj rasti duket sikur ka b\u00ebr\u00eb nj\u00eb trajtim, por duhet par\u00eb pacienti. Ekzistojn\u00eb disa filtra n\u00eb Instagram q\u00eb mund t\u00eb arrihet nj\u00eb foto e till\u00eb. Mund t\u00eb ket\u00eb b\u00ebr\u00eb botoks tek balli\u201d<\/em>, tha doktori.<\/p>\n<p>Nd\u00ebrkoh\u00eb q\u00eb sa i takon Kryeministrit Rama, Papa tha se ai mund t\u00eb ket\u00eb b\u00ebr\u00eb ndonj\u00eb terapi me multivitamina, por jo botox, pasi nuk ka pasur nj\u00eb ndryshim t\u00eb mimik\u00ebs, apo shprehive t\u00eb tij t\u00eb fytyr\u00ebs.<\/p>\n<p>&nbsp;<\/p>","protected":false},"excerpt":{"rendered":"<p>Shefja e spitalit Infektiv Najada \u00c7omo, i \u00e7uditi t\u00eb gjith\u00eb teksa u shfaq n\u00eb nj\u00eb emision televiziv t\u00ebr\u00ebsisht e transformuar, pa flok\u00ebt e kuqe q\u00eb jan\u00eb tipari i jasht\u00ebm m\u00eb dallues i saj. Por p\u00ebrve\u00e7 flok\u00ebve, dukej se n\u00eb fytyr\u00ebn e mjekes q\u00eb synon t\u00eb b\u00ebhet deputete n\u00eb Kuvend, ka pasur nj\u00eb nd\u00ebrhyrje q\u00eb nuk [&hellip;]<\/p>\n","protected":false},"author":2016,"featured_media":178098,"comment_status":"closed","ping_status":"closed","sticky":false,"template":"","format":"standard","meta":{"footnotes":""},"categories":[241],"tags":[2462],"class_list":{"0":"post-178096","1":"post","2":"type-post","3":"status-publish","4":"format-standard","5":"has-post-thumbnail","7":"category-aktualitet","8":"tag-lajme-zjarr-mjeku-flet-per-najada-comon-zjarr-tv"},"_links":{"self":[{"href":"https:\/\/zjarr.tv\/en\/wp-json\/wp\/v2\/posts\/178096","targetHints":{"allow":["GET"]}}],"collection":[{"href":"https:\/\/zjarr.tv\/en\/wp-json\/wp\/v2\/posts"}],"about":[{"href":"https:\/\/zjarr.tv\/en\/wp-json\/wp\/v2\/types\/post"}],"author":[{"embeddable":true,"href":"https:\/\/zjarr.tv\/en\/wp-json\/wp\/v2\/users\/2016"}],"replies":[{"embeddable":true,"href":"https:\/\/zjarr.tv\/en\/wp-json\/wp\/v2\/comments?post=178096"}],"version-history":[{"count":0,"href":"https:\/\/zjarr.tv\/en\/wp-json\/wp\/v2\/posts\/178096\/revisions"}],"wp:featuredmedia":[{"embeddable":true,"href":"https:\/\/zjarr.tv\/en\/wp-json\/wp\/v2\/media\/178098"}],"wp:attachment":[{"href":"https:\/\/zjarr.tv\/en\/wp-json\/wp\/v2\/media?parent=178096"}],"wp:term":[{"taxonomy":"category","embeddable":true,"href":"https:\/\/zjarr.tv\/en\/wp-json\/wp\/v2\/categories?post=178096"},{"taxonomy":"post_tag","embeddable":true,"href":"https:\/\/zjarr.tv\/en\/wp-json\/wp\/v2\/tags?post=178096"}],"curies":[{"name":"wp","href":"https:\/\/api.w.org\/{rel}","templated":true}]}}