{"id":178102,"date":"2021-04-17T09:16:37","date_gmt":"2021-04-17T07:16:37","guid":{"rendered":"https:\/\/zjarr.tv\/?p=178102"},"modified":"2021-04-17T09:17:36","modified_gmt":"2021-04-17T07:17:36","slug":"parashikimi-i-erla-mehillit-ja-sa-vota-do-te-marre-lulzim-basha","status":"publish","type":"post","link":"https:\/\/zjarr.tv\/en\/parashikimi-i-erla-mehillit-ja-sa-vota-do-te-marre-lulzim-basha\/","title":{"rendered":"Parashikimi i Erla M\u00ebhillit: Ja sa vota do t\u00eb marr\u00eb Lulzim Basha\u2026"},"content":{"rendered":"<p>Erla M\u00ebhilli, parashikon se opozita do t\u00eb humb\u00eb gati 40 mij\u00eb vota. Gjithashtu, M\u00ebhilli tha se \u201cL\u00ebvizja p\u00ebr Ndryshim\u201d e Jozefina Topallit, Bindja Demokratike e Astrit Patozit, Lidhja Demokratike e Shqip\u00ebris\u00eb s\u00eb Myslim Murrizit, apo Nisma Thurje, do t\u00eb marrin vota nga e djathta.<\/p>\n<p><strong style=\"font-style: inherit;\">Komenti i M\u00ebhillit:<\/strong><\/p>\n<p><em style=\"font-weight: inherit;\"> \u201cJan\u00eb 560 kandidat\u00eb, sikur nga 50 vota p\u00ebr secilin, plus q\u00eb k\u00ebta kryesor\u00ebt, kryetar\u00ebt e partive do t\u00eb marrin m\u00eb shum\u00eb, nuk di n\u00ebse do t\u00eb marrin nj\u00eb mandate apo jo, por i thon\u00eb gati minimumi 40 mij\u00eb vota minus do kafshojn\u00eb nga opozita. Sesa do t\u00eb prodhojn\u00eb nj\u00eb mandat nuk e di, por opozit\u00ebs do i prishin pun\u00eb\u201d,<\/em>\u00a0u shpreh M\u00ebhilli p\u00ebr Euro Ne\u00ebs Albania.<\/p>\n<p>&nbsp;<\/p>\n<p>&nbsp;<\/p>","protected":false},"excerpt":{"rendered":"<p>Erla M\u00ebhilli, parashikon se opozita do t\u00eb humb\u00eb gati 40 mij\u00eb vota. Gjithashtu, M\u00ebhilli tha se \u201cL\u00ebvizja p\u00ebr Ndryshim\u201d e Jozefina Topallit, Bindja Demokratike e Astrit Patozit, Lidhja Demokratike e Shqip\u00ebris\u00eb s\u00eb Myslim Murrizit, apo Nisma Thurje, do t\u00eb marrin vota nga e djathta. Komenti i M\u00ebhillit: \u201cJan\u00eb 560 kandidat\u00eb, sikur nga 50 vota p\u00ebr [&hellip;]<\/p>\n","protected":false},"author":2016,"featured_media":178104,"comment_status":"closed","ping_status":"closed","sticky":false,"template":"","format":"standard","meta":{"footnotes":""},"categories":[241],"tags":[2464],"class_list":{"0":"post-178102","1":"post","2":"type-post","3":"status-publish","4":"format-standard","5":"has-post-thumbnail","7":"category-aktualitet","8":"tag-lajme-zjarr-parashikimi-i-erla-mehillit-zjarr-tv"},"_links":{"self":[{"href":"https:\/\/zjarr.tv\/en\/wp-json\/wp\/v2\/posts\/178102","targetHints":{"allow":["GET"]}}],"collection":[{"href":"https:\/\/zjarr.tv\/en\/wp-json\/wp\/v2\/posts"}],"about":[{"href":"https:\/\/zjarr.tv\/en\/wp-json\/wp\/v2\/types\/post"}],"author":[{"embeddable":true,"href":"https:\/\/zjarr.tv\/en\/wp-json\/wp\/v2\/users\/2016"}],"replies":[{"embeddable":true,"href":"https:\/\/zjarr.tv\/en\/wp-json\/wp\/v2\/comments?post=178102"}],"version-history":[{"count":0,"href":"https:\/\/zjarr.tv\/en\/wp-json\/wp\/v2\/posts\/178102\/revisions"}],"wp:featuredmedia":[{"embeddable":true,"href":"https:\/\/zjarr.tv\/en\/wp-json\/wp\/v2\/media\/178104"}],"wp:attachment":[{"href":"https:\/\/zjarr.tv\/en\/wp-json\/wp\/v2\/media?parent=178102"}],"wp:term":[{"taxonomy":"category","embeddable":true,"href":"https:\/\/zjarr.tv\/en\/wp-json\/wp\/v2\/categories?post=178102"},{"taxonomy":"post_tag","embeddable":true,"href":"https:\/\/zjarr.tv\/en\/wp-json\/wp\/v2\/tags?post=178102"}],"curies":[{"name":"wp","href":"https:\/\/api.w.org\/{rel}","templated":true}]}}