{"id":178119,"date":"2021-04-17T10:11:22","date_gmt":"2021-04-17T08:11:22","guid":{"rendered":"https:\/\/zjarr.tv\/?p=178119"},"modified":"2021-04-19T07:08:30","modified_gmt":"2021-04-19T05:08:30","slug":"belinda-balluku-cunat-e-londres-zbresin-neser-ne-aeroportin-e-kukesit-do-ti-prese-rama","status":"publish","type":"post","link":"https:\/\/zjarr.tv\/en\/belinda-balluku-cunat-e-londres-zbresin-neser-ne-aeroportin-e-kukesit-do-ti-prese-rama\/","title":{"rendered":"Belinda Balluku: \u00c7unat \u00e7amarrok\u00eb t\u00eb Londr\u00ebs zbresin nes\u00ebr n\u00eb aeroportin e Kuk\u00ebsit\u2026"},"content":{"rendered":"<p style=\"margin-top: 0in; background: white;\"><span style=\"color: #212529;\">Ministrja e Infrastruktur\u00ebs Belinda Balluku, ka folur lidhur me aeroportin e Kukesit, ku \u00ebsht\u00eb shprehur se nes\u00ebr do t\u00eb jet\u00eb fluturimi i par\u00eb. <\/span><\/p>\n<p style=\"margin-top: 0in; background: white;\"><span style=\"color: #212529;\">\u201c\u00c7unat e Londr\u00ebs\u201d do t\u00eb zbresin nes\u00ebr n\u00eb aeroportin e Kuk\u00ebsit. Lajmi \u00ebsht\u00eb b\u00ebr\u00eb me dije nga Ministrja Balluku.<\/span><\/p>\n<p style=\"margin-top: 0in; background: white; box-sizing: border-box; margin-bottom: 1rem; font-variant-ligatures: normal; font-variant-caps: normal; orphans: 2; widows: 2; -webkit-text-stroke-width: 0px; text-decoration-thickness: initial; text-decoration-style: initial; text-decoration-color: initial; word-spacing: 0px;\"><span style=\"color: #212529;\">Ministrja tha se nga informacionet q\u00eb ka, nes\u00ebr do t\u00eb b\u00ebhet ulja e avionit t\u00eb par\u00eb n\u00eb aeroportin \u201cFlatrat e veriut\u201d, me \u00e7unat nga Londra si\u00e7 tha ajo dhe do t\u2019i pres\u00eb Kryeministri Rama.<\/span><\/p>\n<p style=\"margin-top: 0in; background: white; box-sizing: border-box; margin-bottom: 1rem; font-variant-ligatures: normal; font-variant-caps: normal; orphans: 2; widows: 2; -webkit-text-stroke-width: 0px; text-decoration-thickness: initial; text-decoration-style: initial; text-decoration-color: initial; word-spacing: 0px;\"><span style=\"color: #212529;\">\u201cMua m\u00eb rezulton q\u00eb po. Nga t\u00eb gjitha t\u00eb dh\u00ebnat q\u00eb kam nga kon\u00e7esionari. \u00cbsht\u00eb fluturim promocional nuk \u00ebsht\u00eb paguar bilet\u00eb. M\u00eb rezulton se \u00e7unat \u00e7amarrok\u00eb t\u00eb Londr\u00ebs jan\u00eb t\u00eb rezervuar dhe n\u00eb dat\u00eb 18 ulen k\u00ebtu, i pret Kryeministri.<\/span><span style=\"color: #212529;\"> Ky \u00ebsht\u00eb nj\u00eb aeroport i nd\u00ebrtuar sipas t\u00eb gjitha kritereve t\u00eb aviacionit civil evropian. Jemi duke p\u00ebrfunduar detajet e fundit. K\u00ebtu punohet. Kan\u00eb mbetur detaje t\u00eb vogla,\u201d tha Balluku.\u00a0<\/span><span style=\"color: #212529;\">M\u00eb tej, Ministrja tha se destinacionet e para, do t\u00eb jen\u00eb disa qytete t\u00eb Zvicr\u00ebs, Gjermanis\u00eb dhe Italis\u00eb.<\/span><\/p>\n<p style=\"margin-top: 0in; background: white; box-sizing: border-box; margin-bottom: 1rem; font-variant-ligatures: normal; font-variant-caps: normal; orphans: 2; widows: 2; -webkit-text-stroke-width: 0px; text-decoration-thickness: initial; text-decoration-style: initial; text-decoration-color: initial; word-spacing: 0px;\"><span style=\"color: #212529;\">\u201cDestinacionet e para b\u00ebhet fjal\u00eb p\u00ebr disa qytete t\u00eb Zvicr\u00ebs. I gjith\u00eb tregu \u00ebsht\u00eb i interesuar p\u00ebr k\u00ebto destinacione por pa p\u00ebrjashtuar edhe Gjarmanin\u00eb dhe disa qytetet italiane,\u201d u shpreh Balluku.<\/span><\/p>","protected":false},"excerpt":{"rendered":"<p>Ministrja e Infrastruktur\u00ebs Belinda Balluku, ka folur lidhur me aeroportin e Kukesit, ku \u00ebsht\u00eb shprehur se nes\u00ebr do t\u00eb jet\u00eb fluturimi i par\u00eb. \u201c\u00c7unat e Londr\u00ebs\u201d do t\u00eb zbresin nes\u00ebr n\u00eb aeroportin e Kuk\u00ebsit. Lajmi \u00ebsht\u00eb b\u00ebr\u00eb me dije nga Ministrja Balluku. Ministrja tha se nga informacionet q\u00eb ka, nes\u00ebr do t\u00eb b\u00ebhet ulja e [&hellip;]<\/p>\n","protected":false},"author":2016,"featured_media":178121,"comment_status":"closed","ping_status":"closed","sticky":false,"template":"","format":"standard","meta":{"footnotes":""},"categories":[241],"tags":[2468],"class_list":{"0":"post-178119","1":"post","2":"type-post","3":"status-publish","4":"format-standard","5":"has-post-thumbnail","7":"category-aktualitet","8":"tag-lajme-zjarr-balluku-cunat-e-londres-zbresin-neser-zjarr-tv"},"_links":{"self":[{"href":"https:\/\/zjarr.tv\/en\/wp-json\/wp\/v2\/posts\/178119","targetHints":{"allow":["GET"]}}],"collection":[{"href":"https:\/\/zjarr.tv\/en\/wp-json\/wp\/v2\/posts"}],"about":[{"href":"https:\/\/zjarr.tv\/en\/wp-json\/wp\/v2\/types\/post"}],"author":[{"embeddable":true,"href":"https:\/\/zjarr.tv\/en\/wp-json\/wp\/v2\/users\/2016"}],"replies":[{"embeddable":true,"href":"https:\/\/zjarr.tv\/en\/wp-json\/wp\/v2\/comments?post=178119"}],"version-history":[{"count":0,"href":"https:\/\/zjarr.tv\/en\/wp-json\/wp\/v2\/posts\/178119\/revisions"}],"wp:featuredmedia":[{"embeddable":true,"href":"https:\/\/zjarr.tv\/en\/wp-json\/wp\/v2\/media\/178121"}],"wp:attachment":[{"href":"https:\/\/zjarr.tv\/en\/wp-json\/wp\/v2\/media?parent=178119"}],"wp:term":[{"taxonomy":"category","embeddable":true,"href":"https:\/\/zjarr.tv\/en\/wp-json\/wp\/v2\/categories?post=178119"},{"taxonomy":"post_tag","embeddable":true,"href":"https:\/\/zjarr.tv\/en\/wp-json\/wp\/v2\/tags?post=178119"}],"curies":[{"name":"wp","href":"https:\/\/api.w.org\/{rel}","templated":true}]}}