{"id":178127,"date":"2021-04-17T10:39:02","date_gmt":"2021-04-17T08:39:02","guid":{"rendered":"https:\/\/zjarr.tv\/?p=178127"},"modified":"2021-04-17T10:39:41","modified_gmt":"2021-04-17T08:39:41","slug":"nje-jave-para-zgjedhjeve-media-gjermane-nxjerr-reportazhin-edi-rama-nuk-pranoi-qe-ta-intervistonim-u-druhej-pyetjeve-per-pandemine","status":"publish","type":"post","link":"https:\/\/zjarr.tv\/en\/nje-jave-para-zgjedhjeve-media-gjermane-nxjerr-reportazhin-edi-rama-nuk-pranoi-qe-ta-intervistonim-u-druhej-pyetjeve-per-pandemine\/","title":{"rendered":"Nj\u00eb jav\u00eb para Zgjedhjeve, media gjermane nxjerr reportazhin\/ Edi Rama nuk pranoi q\u00eb ta intervistonim, u druhej pyetjeve p\u00ebr pandemin\u00eb\u2026"},"content":{"rendered":"<p>Nj\u00eb jav\u00eb para zgjedhjeve, media gjermane nxjerr reportazhin: Edi Rama nuk pranoi q\u00eb ta intervistonim, i druhej pyetjeve p\u00ebr pandemin\u00eb dhe korrupsionin (Jehon\u00eb pastrimit t\u00eb parave) Media gjermane ZDF, i ka kushtuar nj\u00eb artikull Zgjedhjeve n\u00eb Shqip\u00ebri, ku thot\u00eb se vendit t\u00eb varf\u00ebr n\u00eb Ballkan, i duhet t\u00eb p\u00ebrballoj\u00eb nj\u00ebher\u00ebsh me disa kriza, duke nisur nga pandemia te pasojat e t\u00ebrmetit, e deri te korrupsioni, q\u00eb p\u00ebrfshin disa shkall\u00eb.<\/p>\n<p><em>\u201cK\u00ebto koh\u00eb, k\u00ebtij vendi t\u00eb varf\u00ebr i duhet t\u00eb luftoj\u00eb me gjith\u00eb ato kriza. Krahas pandemis\u00eb dhe pasojave t\u00eb t\u00ebrmetit t\u00eb para nj\u00eb viti, vendin e ka mb\u00ebrthyer edhe korrupsioni\u201d,<\/em> nis raportimin gazetarja Britta Hilpert p\u00ebr ZDF. N\u00eb shkrim thuhet se ZDF, ka k\u00ebrkuar q\u00eb t\u00eb intervistoj\u00eb Kryeministrin Edi Rama, por ai nuk ka pranuar, pasi sipas tyre u druhej pyetjeve q\u00eb kishin t\u00eb b\u00ebnim me menaxhimin e situat\u00ebs s\u00eb pandemis\u00eb, apo korrupsonit p\u00ebr t\u00eb cilin dyshohet qeveria e tij.<\/p>\n<p><strong>Shkrimi i plot\u00eb i ZDF-s\u00eb:<\/strong><\/p>\n<p>Shk\u00eblzen Ibra punon si mjek i mushk\u00ebrive n\u00eb Krum\u00eb dhe ndien mbi t\u00eb gjitha q\u00eb administrimi i pandemis\u00eb po b\u00ebhet me mungesa. Spitali i provinc\u00ebs mezi siguron furnizimin me oksigjen p\u00ebr rreth 20.000 njer\u00ebz. Nj\u00eb katastrof\u00eb n\u00eb k\u00ebt\u00eb kriz\u00eb kovidi.<\/p>\n<p>Jan\u00eb t\u00eb detyruar edhe t\u2019i kthejn\u00eb pacient\u00ebt n\u00eb sht\u00ebpi, pasi nganj\u00ebher\u00eb nuk kan\u00eb \u00e7\u2019t\u00eb b\u00ebjn\u00eb. <em>\u201cK\u00ebrkojm\u00eb m\u00eb shum\u00eb. Ka pasur dit\u00eb q\u00eb kemi pasur 12 pacient\u00eb q\u00eb kishin nevoj\u00eb p\u00ebr oksigjen dhe nuk u jepnim dot. U ka r\u00ebn\u00eb t\u00eb fik\u00ebt nga mungesa e oksigjenit.\u201d<\/em> Q\u00eb Kruma dhe zona rreth e rrotull \u00ebsht\u00eb kaq e keqfurnizuar \u00ebsht\u00eb n\u00eb nj\u00ebfar\u00eb m\u00ebnyre faj i qeveris\u00eb. T\u00eb rinjt\u00eb emigrojn\u00eb p\u00ebr t\u00eb fituar para diku gjetk\u00eb. Kruma \u00ebsht\u00eb e varf\u00ebr, kryeqyteti \u00ebsht\u00eb larg. \u201cP\u00ebr politikan\u00ebt kjo zon\u00eb \u00ebsht\u00eb vet\u00ebm p\u00ebr t\u00eb marr\u00eb vota p\u00ebr zgjedhje, \u2013 k\u00ebshtu thot\u00eb edhe Muhamet Peka q\u00eb sapo ka kaluar kovidin.<\/p>\n<p><em>\u201cPolitikan\u00ebt premtojn\u00eb shum\u00eb e b\u00ebjn\u00eb pak. K\u00ebt\u00eb e v\u00ebrtetova pasi m\u00eb ndodhi kjo (pasi m\u00eb zuri s\u00ebmundja).\u201d \u201cAsnj\u00eb minist\u00ebr nuk ka ardhur t\u00eb na shikoj\u00eb se \u00e7far\u00eb b\u00ebjm\u00eb, vijn\u00eb vet\u00ebm sa p\u00ebr t\u00eb na u lutur p\u00ebr vota q\u00eb t\u00eb vijn\u00eb n\u00eb pushtet&#8221;. <\/em>Kryeministri Edi Rama do q\u00eb t\u00eb zgjidhet p\u00ebrs\u00ebri. P\u00ebr pyetjet e intervist\u00ebs son\u00eb nuk marrim p\u00ebrgjigje. Me sa duket u druhet pyetjeve rreth menaxhimit t\u00eb kovidit dhe kritikave nd\u00ebrkomb\u00ebtar\u00eb p\u00ebr projektet e dyshimta t\u00eb nd\u00ebrtimit dhe korrupsionin n\u00eb qeverin\u00eb e tij. Sektori i nd\u00ebrtimit n\u00eb Tiran\u00eb ka nj\u00eb bum t\u00eb madh, i vetmi si i till\u00eb n\u00eb k\u00ebt\u00eb kriz\u00eb ekonomike, por shum\u00eb kulla me zyra jan\u00eb bosh. Gazetarja Ornela Liperi ka b\u00ebr\u00eb shum\u00eb k\u00ebrkime rreth k\u00ebsaj. Ajo thot\u00eb se k\u00ebto nd\u00ebrtime, k\u00ebshtu si\u00e7 po ecin tani, justifikohen vet\u00ebm me pastrim parash. Qeveria ndikon n\u00eb k\u00ebt\u00eb pik\u00eb edhe p\u00ebr shkak t\u00eb Zgjedhjeve.<\/p>\n<p><em>\u201cQeveria nuk ka treguar kurr\u00eb vullnet politik p\u00ebr t\u00eb hetuar se nga vijn\u00eb k\u00ebto para p\u00ebr investime nd\u00ebrtimi. Gjith\u00eb k\u00ebto leje nd\u00ebrtimi, k\u00ebto nd\u00ebrtesa gjigante, na b\u00ebjn\u00eb t\u00eb mendojm\u00eb se nj\u00eb pjes\u00eb e k\u00ebtyre parave t\u00eb pista shkon p\u00ebr zgjedhje.\u201d <\/em>Kund\u00ebr korrupsionit n\u00eb qeveri, vitet e fundit ka pasur her\u00eb pas here protesta masive e megjithat\u00eb nuk i dihet n\u00ebse kjo qeveri do t\u00eb shkarkohet p\u00ebr munges\u00eb votash sipas analistit politik Mentor Kikia.\u00a0<em>\u201cVotuesve nuk u sjell gj\u00eb z\u00ebvend\u00ebsimi i nj\u00eb qeverie t\u00eb korruptuar me nj\u00eb tjet\u00ebr t\u00eb till\u00eb. Shqiptar\u00ebt kan\u00eb zgjedhur gjithmon\u00eb t\u00eb keqen m\u00eb t\u00eb vog\u00ebl dhe kjo ka sjell\u00eb gjithmon\u00eb po t\u00eb nj\u00ebjtin realitet.\u201d <\/em>Nj\u00eb realitet varf\u00ebrie dhe korrupsioni t\u00eb ashp\u00ebrsuar nga pandemia. Shqip\u00ebria d\u00ebshiron q\u00eb nj\u00eb dit\u00eb t\u00eb b\u00ebhet an\u00ebtare e BE-s\u00eb, edhe pse shum\u00eb k\u00ebtu shpresojn\u00eb q\u00eb kjo t\u00eb sjell\u00eb m\u00eb shum\u00eb ndryshim sesa Zgjedhjet e jav\u00ebs tjet\u00ebr.<\/p>\n<p>&nbsp;<\/p>\n<p>&nbsp;<\/p>\n<p>&nbsp;<\/p>\n<p>&nbsp;<\/p>\n<p>&nbsp;<\/p>","protected":false},"excerpt":{"rendered":"<p>Nj\u00eb jav\u00eb para zgjedhjeve, media gjermane nxjerr reportazhin: Edi Rama nuk pranoi q\u00eb ta intervistonim, i druhej pyetjeve p\u00ebr pandemin\u00eb dhe korrupsionin (Jehon\u00eb pastrimit t\u00eb parave) Media gjermane ZDF, i ka kushtuar nj\u00eb artikull Zgjedhjeve n\u00eb Shqip\u00ebri, ku thot\u00eb se vendit t\u00eb varf\u00ebr n\u00eb Ballkan, i duhet t\u00eb p\u00ebrballoj\u00eb nj\u00ebher\u00ebsh me disa kriza, duke nisur [&hellip;]<\/p>\n","protected":false},"author":2016,"featured_media":178129,"comment_status":"closed","ping_status":"closed","sticky":false,"template":"","format":"standard","meta":{"footnotes":""},"categories":[241],"tags":[2470],"class_list":{"0":"post-178127","1":"post","2":"type-post","3":"status-publish","4":"format-standard","5":"has-post-thumbnail","7":"category-aktualitet","8":"tag-lajme-zjarr-media-gjermane-nxjerr-reportazhin-zjarr-tv"},"_links":{"self":[{"href":"https:\/\/zjarr.tv\/en\/wp-json\/wp\/v2\/posts\/178127","targetHints":{"allow":["GET"]}}],"collection":[{"href":"https:\/\/zjarr.tv\/en\/wp-json\/wp\/v2\/posts"}],"about":[{"href":"https:\/\/zjarr.tv\/en\/wp-json\/wp\/v2\/types\/post"}],"author":[{"embeddable":true,"href":"https:\/\/zjarr.tv\/en\/wp-json\/wp\/v2\/users\/2016"}],"replies":[{"embeddable":true,"href":"https:\/\/zjarr.tv\/en\/wp-json\/wp\/v2\/comments?post=178127"}],"version-history":[{"count":0,"href":"https:\/\/zjarr.tv\/en\/wp-json\/wp\/v2\/posts\/178127\/revisions"}],"wp:featuredmedia":[{"embeddable":true,"href":"https:\/\/zjarr.tv\/en\/wp-json\/wp\/v2\/media\/178129"}],"wp:attachment":[{"href":"https:\/\/zjarr.tv\/en\/wp-json\/wp\/v2\/media?parent=178127"}],"wp:term":[{"taxonomy":"category","embeddable":true,"href":"https:\/\/zjarr.tv\/en\/wp-json\/wp\/v2\/categories?post=178127"},{"taxonomy":"post_tag","embeddable":true,"href":"https:\/\/zjarr.tv\/en\/wp-json\/wp\/v2\/tags?post=178127"}],"curies":[{"name":"wp","href":"https:\/\/api.w.org\/{rel}","templated":true}]}}