{"id":178132,"date":"2021-04-17T10:49:23","date_gmt":"2021-04-17T08:49:23","guid":{"rendered":"https:\/\/zjarr.tv\/?p=178132"},"modified":"2021-04-17T10:49:55","modified_gmt":"2021-04-17T08:49:55","slug":"lulzim-basha-socialistet-jane-zhgenjyer-nga-rama-te-bashkohen-me-pd","status":"publish","type":"post","link":"https:\/\/zjarr.tv\/en\/lulzim-basha-socialistet-jane-zhgenjyer-nga-rama-te-bashkohen-me-pd\/","title":{"rendered":"Lulzim Basha: Socialist\u00ebt jan\u00eb zhg\u00ebnjyer nga Rama, t\u00eb bashkohen me PD\u2026"},"content":{"rendered":"<p>Nga Delvina, kryedemokrati Lulzim Basha, u ka b\u00ebr\u00eb p\u00ebrs\u00ebri thirrje socialist\u00ebve q\u00eb t\u00eb bashkohen me PD. Basha tha se Kryeministri Edi Rama, shkat\u00ebrroi ekonomin\u00eb e shqiptar\u00ebve duke rritur taksat. Gjithashtu, kreu i demokrat\u00ebve i tha s\u00ebrish \u201cjo\u201d nga Delvina Kryeministrit Rama p\u00ebr ftes\u00ebn e k\u00ebtij t\u00eb fundit p\u00ebr bashk\u00ebpunim. Basha tha se koha e tij ka mbaruar dhe se shqiptar\u00ebt do ta largojn\u00eb me vot\u00eb.<\/p>\n<p style=\"font-style: inherit; font-weight: inherit;\">M\u00eb her\u00ebt, Basha u takua dhe me qytetar\u00eb n\u00eb Sarand\u00eb, ku k\u00ebrkoi votn e tyre n\u00eb Zgjedhjet Parlamentare t\u00eb 25 Prillit.<\/p>\n<p style=\"font-style: inherit; font-weight: inherit;\">\u201cJam i lumtur q\u00eb ndodhem k\u00ebtu n\u00eb rrug\u00ebtimin ton\u00eb nga Jugu n\u00eb Veri. N\u00eb 9 ndalesa nj\u00ebsoj si 9 shifra jo, 9 e ndryshimit m\u00eb 25 prill. Kudo ku kam qen\u00eb k\u00ebto jav\u00eb prek entuziazmin dhe d\u00ebshir\u00ebn e\u00a0 njer\u00ebzve p\u00ebr ndryshim. Padurimin e n\u00ebnave p\u00ebr ndryshim p\u00ebr f\u00ebmij\u00ebt e tyre.<\/p>\n<p style=\"font-style: inherit; font-weight: inherit;\">Prek padurimin \u00a0baballar\u00ebve p\u00ebr t\u00eb b\u00ebr\u00eb realitet shpres\u00ebn dhe padurimin e t\u00eb rinjve, entuziazmin e tyre. Dita po vjen, p\u00ebr ta hapur s\u00ebbashku rrug\u00ebn e Shqip\u00ebris\u00eb si gjith\u00eb Europa. Ndryshimi ndihet kudo. N\u00eb syt\u00eb dhe zemrat tuas shpresa tashm\u00eb ka mb\u00ebrritur. \u00cbsht\u00eb e pandalshme q\u00eb Delvina dhe Shqip\u00ebria t\u00eb kthehet te zot\u00ebrit e saj q\u00eb jeni ju. E shoh dhe e prek edhe tek socialist\u00ebt e thjesht\u00eb q\u00eb nj\u00ebsoj si qytetar\u00ebt e tjer\u00eb kan\u00eb ndar\u00eb t\u00eb nj\u00ebjtat vuajtje. E kan\u00eb ndjer\u00eb dyfish dhimbjen sepse kan\u00eb punuar p\u00ebr PS dhe sot jan\u00eb dyfish t\u00eb zhg\u00ebnjyer. Ju them sot socialist\u00ebve ngrijeni kok\u00ebn, bashkohuni me ne.<\/p>\n<p style=\"font-style: inherit; font-weight: inherit;\">B\u00ebhuni pjes\u00eb e ndryshimit. Ejani t\u00eb votojm\u00eb p\u00ebr numrin 9 ta ndryshojm\u00eb Shqip\u00ebrin\u00eb. Bashk\u00eb p\u00ebr ndryshim, p\u00ebr t\u2019i kthyer shqiptar\u00ebve shpres\u00ebn. T\u00eb votojm\u00eb numrin9 dhe t\u00eb hapim rrug\u00ebn e mir\u00ebq\u00ebnies. Ne kemi nj\u00eb plan q\u00eb do t\u00eb mund\u00ebsoje q\u00eb banor\u00ebt pun\u00ebtor\u00eb t\u00eb Delvin\u00ebs dhe Shqip\u00ebris\u00eb t\u00eb g\u00ebzojn\u00eb frytet e djers\u00ebs s\u00eb tyre. Kjo tok\u00eb e lasht\u00eb ka thesare.<\/p>\n<p style=\"font-style: inherit; font-weight: inherit;\">Qeveria n\u00eb ikje e b\u00ebri naft\u00ebn m\u00eb t\u00eb lir\u00eb p\u00ebr jahtet sesa p\u00ebr fermer\u00ebt. Projektin q\u00eb ne nis\u00ebm Kardhiq-Delvin\u00eb e la n\u00eb vendnum\u00ebro. P\u00ebr tet\u00eb vite e la at\u00eb projekt n\u00eb balt\u00eb. Dhe tani ka guximin t\u00eb vij\u00eb dhe t\u00eb k\u00ebrkoj\u00eb edhe kat\u00ebr vite t\u00eb tjera. E la vendin ton\u00eb n\u00eb err\u00ebsir\u00eb dhe varf\u00ebri. Mos ia hapni der\u00ebn ndryshimit p\u00ebr her\u00eb t\u00eb tret\u00eb. Ne do ta b\u00ebjm\u00eb realitet hapjen e negociatave brenda 100 dit\u00ebve t\u00eb para. Ai e kupton se ne mund t\u00eb b\u00ebjm\u00eb realitet dhe tani k\u00ebrkon t\u00eb b\u00ebhet pjes\u00eb e qeverisjes son\u00eb. P\u00ebrgjigja ime nga Delvina \u00ebsht\u00eb jo nuk ka p\u00ebr t\u00eb ndodhur. Koha e Edi Ram\u00ebs ka mbaruar, erdhi dita p\u00ebr vot\u00ebn tuaj. N\u00eb familjet tuaj, n\u00eb pronat tuaja, n\u00eb k\u00ebt\u00eb trev\u00eb t\u00eb mrekullueshme ndryshimi nuk vjen pa larguar Edi Ram\u00ebn. Le t\u00eb b\u00ebhemi bashk\u00eb, krah p\u00ebr krah si nj\u00eb familje e madhe duke p\u00ebrfshir\u00eb mij\u00ebra socialist\u00eb t\u00eb ndersh\u00ebm, le t\u2019u themi se ndryshimi q\u00eb do vij\u00eb nuk do t\u00eb na ndaj\u00eb por do t\u00eb na bashkoj\u00eb. Un\u00eb do t\u00eb jem kryeminist\u00ebr i t\u00eb gjith\u00eb shqiptar\u00ebve,\u201d tha Basha.<\/p>\n<p>&nbsp;<\/p>","protected":false},"excerpt":{"rendered":"<p>Nga Delvina, kryedemokrati Lulzim Basha, u ka b\u00ebr\u00eb p\u00ebrs\u00ebri thirrje socialist\u00ebve q\u00eb t\u00eb bashkohen me PD. Basha tha se Kryeministri Edi Rama, shkat\u00ebrroi ekonomin\u00eb e shqiptar\u00ebve duke rritur taksat. Gjithashtu, kreu i demokrat\u00ebve i tha s\u00ebrish \u201cjo\u201d nga Delvina Kryeministrit Rama p\u00ebr ftes\u00ebn e k\u00ebtij t\u00eb fundit p\u00ebr bashk\u00ebpunim. Basha tha se koha e tij [&hellip;]<\/p>\n","protected":false},"author":2016,"featured_media":178135,"comment_status":"closed","ping_status":"closed","sticky":false,"template":"","format":"standard","meta":{"footnotes":""},"categories":[241,1454],"tags":[2471],"class_list":{"0":"post-178132","1":"post","2":"type-post","3":"status-publish","4":"format-standard","5":"has-post-thumbnail","7":"category-aktualitet","8":"category-politike","9":"tag-lajme-zjarr-basha-socialistet-jane-zhgenjyer-zjarr-tv"},"_links":{"self":[{"href":"https:\/\/zjarr.tv\/en\/wp-json\/wp\/v2\/posts\/178132","targetHints":{"allow":["GET"]}}],"collection":[{"href":"https:\/\/zjarr.tv\/en\/wp-json\/wp\/v2\/posts"}],"about":[{"href":"https:\/\/zjarr.tv\/en\/wp-json\/wp\/v2\/types\/post"}],"author":[{"embeddable":true,"href":"https:\/\/zjarr.tv\/en\/wp-json\/wp\/v2\/users\/2016"}],"replies":[{"embeddable":true,"href":"https:\/\/zjarr.tv\/en\/wp-json\/wp\/v2\/comments?post=178132"}],"version-history":[{"count":0,"href":"https:\/\/zjarr.tv\/en\/wp-json\/wp\/v2\/posts\/178132\/revisions"}],"wp:featuredmedia":[{"embeddable":true,"href":"https:\/\/zjarr.tv\/en\/wp-json\/wp\/v2\/media\/178135"}],"wp:attachment":[{"href":"https:\/\/zjarr.tv\/en\/wp-json\/wp\/v2\/media?parent=178132"}],"wp:term":[{"taxonomy":"category","embeddable":true,"href":"https:\/\/zjarr.tv\/en\/wp-json\/wp\/v2\/categories?post=178132"},{"taxonomy":"post_tag","embeddable":true,"href":"https:\/\/zjarr.tv\/en\/wp-json\/wp\/v2\/tags?post=178132"}],"curies":[{"name":"wp","href":"https:\/\/api.w.org\/{rel}","templated":true}]}}