{"id":178140,"date":"2021-04-17T11:12:03","date_gmt":"2021-04-17T09:12:03","guid":{"rendered":"https:\/\/zjarr.tv\/?p=178140"},"modified":"2021-04-17T11:12:03","modified_gmt":"2021-04-17T09:12:03","slug":"monika-kryemadhi-lsi-nuk-i-harron-premtimet-dhe-nuk-i-braktis-njerezit-si-rilindja","status":"publish","type":"post","link":"https:\/\/zjarr.tv\/en\/monika-kryemadhi-lsi-nuk-i-harron-premtimet-dhe-nuk-i-braktis-njerezit-si-rilindja\/","title":{"rendered":"Monika Kryemadhi: LSI nuk i harron premtimet dhe nuk i braktis njer\u00ebzit si Rilindja\u2026"},"content":{"rendered":"<p>Kryetarja e LSI-s\u00eb, Monika Kryemadhi, ka b\u00ebr\u00eb nj\u00eb postim n\u00eb llogarin\u00eb\u00a0 e saj Facebook, ku shprehet se ne jemi Parti q\u00eb e mbajm\u00eb fjal\u00ebn dhe nuk I braktisim njer\u00ebzit, ashtu si\u00e7 b\u00ebn Rilindja.<\/p>\n<p>\u201c<em>Vota p\u00ebr LSI-n\u00eb, \u00ebsht\u00eb mb\u00ebshtetje p\u00ebr nj\u00eb Parti v\u00ebrtet\u00eb t\u00eb majt\u00eb, q\u00eb nuk i harron premtimet dhe nuk i braktis njer\u00ebzit, ashtu si\u00e7 Rilindja ka b\u00ebr\u00eb me gjirokastrit\u00ebt<\/em>&#8220;, k\u00ebshtu shkruan Monika Kryemadhi.<\/p>\n<p>&#8220;K\u00ebng\u00ebn m\u00eb t\u00eb bukur Gjirokastr\u00ebs do t&#8217;ja thurin t\u00eb rinjt\u00eb dhe t\u00eb rejat e saj, qytetar\u00ebt e saj, me vot\u00ebn masive p\u00ebr ndryshim n\u00eb 25 Prill, p\u00ebr nr. 6, &#8211; n\u00ebnvizoi Kryemadhi. &#8211; Fitorja po vjen dhe atmosfera e saj ndihet nga jugu n\u00eb veri\u201d.<\/p>\n<p>&nbsp;<\/p>","protected":false},"excerpt":{"rendered":"<p>Kryetarja e LSI-s\u00eb, Monika Kryemadhi, ka b\u00ebr\u00eb nj\u00eb postim n\u00eb llogarin\u00eb\u00a0 e saj Facebook, ku shprehet se ne jemi Parti q\u00eb e mbajm\u00eb fjal\u00ebn dhe nuk I braktisim njer\u00ebzit, ashtu si\u00e7 b\u00ebn Rilindja. \u201cVota p\u00ebr LSI-n\u00eb, \u00ebsht\u00eb mb\u00ebshtetje p\u00ebr nj\u00eb Parti v\u00ebrtet\u00eb t\u00eb majt\u00eb, q\u00eb nuk i harron premtimet dhe nuk i braktis njer\u00ebzit, ashtu [&hellip;]<\/p>\n","protected":false},"author":2016,"featured_media":178143,"comment_status":"closed","ping_status":"closed","sticky":false,"template":"","format":"standard","meta":{"footnotes":""},"categories":[241,231,1454,235],"tags":[2473],"class_list":{"0":"post-178140","1":"post","2":"type-post","3":"status-publish","4":"format-standard","5":"has-post-thumbnail","7":"category-aktualitet","8":"category-lajme","9":"category-politike","10":"category-vendi","11":"tag-lajme-zjarr-kryemadhi-lsi-i-mban-premtimet-zjarr-tv"},"_links":{"self":[{"href":"https:\/\/zjarr.tv\/en\/wp-json\/wp\/v2\/posts\/178140","targetHints":{"allow":["GET"]}}],"collection":[{"href":"https:\/\/zjarr.tv\/en\/wp-json\/wp\/v2\/posts"}],"about":[{"href":"https:\/\/zjarr.tv\/en\/wp-json\/wp\/v2\/types\/post"}],"author":[{"embeddable":true,"href":"https:\/\/zjarr.tv\/en\/wp-json\/wp\/v2\/users\/2016"}],"replies":[{"embeddable":true,"href":"https:\/\/zjarr.tv\/en\/wp-json\/wp\/v2\/comments?post=178140"}],"version-history":[{"count":0,"href":"https:\/\/zjarr.tv\/en\/wp-json\/wp\/v2\/posts\/178140\/revisions"}],"wp:featuredmedia":[{"embeddable":true,"href":"https:\/\/zjarr.tv\/en\/wp-json\/wp\/v2\/media\/178143"}],"wp:attachment":[{"href":"https:\/\/zjarr.tv\/en\/wp-json\/wp\/v2\/media?parent=178140"}],"wp:term":[{"taxonomy":"category","embeddable":true,"href":"https:\/\/zjarr.tv\/en\/wp-json\/wp\/v2\/categories?post=178140"},{"taxonomy":"post_tag","embeddable":true,"href":"https:\/\/zjarr.tv\/en\/wp-json\/wp\/v2\/tags?post=178140"}],"curies":[{"name":"wp","href":"https:\/\/api.w.org\/{rel}","templated":true}]}}