{"id":178144,"date":"2021-04-17T11:25:50","date_gmt":"2021-04-17T09:25:50","guid":{"rendered":"https:\/\/zjarr.tv\/?p=178144"},"modified":"2021-04-17T11:46:17","modified_gmt":"2021-04-17T09:46:17","slug":"merr-kthese-te-papritur-gjyqi-ndaj-adriatik-llalles","status":"publish","type":"post","link":"https:\/\/zjarr.tv\/en\/merr-kthese-te-papritur-gjyqi-ndaj-adriatik-llalles\/","title":{"rendered":"Merr kthes\u00eb t\u00eb papritur gjyqi ndaj Adriatik Llall\u00ebs\u2026"},"content":{"rendered":"<p>Gjyqi ndaj ish-Prokurorit t\u00eb P\u00ebrgjithsh\u00ebm, Adriatik Llalla, ka marr\u00eb nj\u00eb tjet\u00ebr kthes\u00eb, teksa pritej q\u00eb brenda k\u00ebtij muaji, t\u00eb merrej vendimi p\u00ebr d\u00ebnimin ose jo t\u00eb tij me burg, gjith\u00e7ka do t\u00eb kthehet n\u00eb pik\u00ebn zero. Dit\u00ebn e djeshme, ka qen\u00eb seanca e radh\u00ebs p\u00ebr ish-Kryeprokurorin dhe ai ka preferuar t\u00eb jet\u00eb vet\u00eb prezent k\u00ebt\u00eb her\u00eb, nga ku dha deklarat\u00ebn q\u00eb ndryshoi krejt rrjedh\u00ebn q\u00eb kishte marr\u00eb procesi i tij. Vet\u00eb Llalla, k\u00ebrkoi gjat\u00eb fjal\u00ebs s\u00eb tij q\u00eb t\u00eb rihiqet k\u00ebrkesa p\u00ebr gjykim t\u00eb shkurtuar dhe procesi t\u00eb nis\u00eb nga e para. Ndon\u00ebse m\u00eb par\u00eb ai nuk ishte paraqitur n\u00eb asnj\u00eb seanc\u00eb, duke k\u00ebrkuar shpesh p\u00ebrjashtimin e trup\u00ebs gjykuese p\u00ebrmes avokatit t\u00eb tij, ish-prokurori deklaroi dje se tani e tutje, procesin do ta ndjek\u00eb vet\u00eb deri n\u00eb p\u00ebrfundim t\u00eb tij.<\/p>\n<p><em style=\"font-weight: inherit;\">\u201cGjykata do t\u00eb dal\u00eb me nj\u00eb njoftim, \u00e7\u00ebshtjen do e ndjek deri n\u00eb fund\u201d<\/em>, tha prer\u00eb Llalla para trup\u00ebs gjykuese. Nd\u00ebrkoh\u00eb, nga kjo deklarat\u00eb e tij ka r\u00ebn\u00eb posht\u00eb edhe pretenca e dh\u00ebn\u00eb nga SPAK, q\u00eb k\u00ebrkoi 2 vite burg p\u00ebr ish-Prokurorin e P\u00ebrgjithsh\u00ebm. N\u00eb mars t\u00eb k\u00ebtij viti, Prokuroria e Posa\u00e7me dha pretenc\u00ebn p\u00ebr Adriatik Llall\u00ebn, ku k\u00ebrkoi q\u00eb t\u00eb d\u00ebnohet me dy vite burg, si dhe p\u00ebr 5 vite t\u00eb mos ket\u00eb t\u00eb drejt\u00eb t\u00eb jet\u00eb pjes\u00eb e institucioneve shtet\u00ebrore. N\u00eb at\u00eb seanc\u00eb, gjykata pranoi gjykimin e shkurtuar ndaj tij dhe n\u00ebse pranohej k\u00ebrkesa e prokuroris\u00eb, Llalla mund t\u00eb d\u00ebnohej me 1.4 vite burg. Nd\u00ebrsa dje pritej parashtrimi i tij p\u00ebr vendimet e trup\u00ebs gjykuese dhe n\u00eb seanc\u00ebn tjet\u00ebr gjykata t\u00eb jepte vendimin n\u00ebse Llalla do t\u00eb d\u00ebnohej me burg, gjob\u00eb apo me sh\u00ebrbim prove. Por, pik\u00ebrisht ardhja e tij n\u00eb seanc\u00eb dhe m\u00eb pas deklarata q\u00eb b\u00ebri p\u00ebr t\u00ebrheqjen e gjykimit t\u00eb shkurtuar e ndryshoi k\u00ebt\u00eb rrjedh\u00eb.<\/p>\n<p>Fillimisht, zoti Llalla, u dyshua p\u00ebr t\u00eb pakt\u00ebn kat\u00ebr vepra penale, q\u00eb nga mosdeklarimi i pasuris\u00eb, te mosdeklarimi i t\u00eb hollave n\u00eb kufi, shp\u00ebrdorimi i detyr\u00ebs dhe pastrimi i parave. Por n\u00eb p\u00ebrfundim t\u00eb hetimeve, tre prej k\u00ebtyre akuzave duket se nuk u arrit t\u00eb provohen dhe gjith\u00e7ka u reduktua te mosdeklarimi i pasuris\u00eb. Tashm\u00eb, Ish-Prokurori i P\u00ebrgjithsh\u00ebm, akuzohet p\u00ebr fshehje dhe mosdeklarim t\u00eb pasuris\u00eb. Konkretisht, Llalla akuzohet p\u00ebr vepr\u00ebn penale t\u00eb parashikuar nga neni 257\/a, i cili parashikon:\u00a0<em style=\"font-weight: inherit;\">\u201cFshehja ose deklarimi i rrem\u00eb i pasurive, interesave privat\u00eb t\u00eb personave t\u00eb zgjedhur dhe n\u00ebpun\u00ebsve publik\u00eb ose i \u00e7do personi tjet\u00ebr q\u00eb ka detyrimin ligjor p\u00ebr deklarim, d\u00ebnohet me gjob\u00eb ose me burgim deri n\u00eb tre vjet\u201d.<\/em><\/p>\n<p>M\u00eb 20 korrik 2018, prokurori vendosi n\u00eb sekuestro preventive pasurin\u00eb e ish-kryeprokurorit Adriatik Llalla. Prokuroria n\u00eb at\u00eb koh\u00eb b\u00ebri me dije se u b\u00eb sekuestrimi i nj\u00eb apartamenti banimi, me sip\u00ebrfaqe 67.2 m\u00b2, ndodhur n\u00eb Durr\u00ebs. Po ashtu n\u00eb sekuestro jan\u00eb v\u00ebn\u00eb: tok\u00eb ar\u00eb, me sip\u00ebrfaqe 4.500 m\u00b2, ndodhur n\u00eb Tiran\u00eb; tok\u00eb ar\u00eb, me sip\u00ebrfaqe 12.300 m\u00b2, ndodhur n\u00eb Tiran\u00eb; tok\u00eb ar\u00eb, me sip\u00ebrfaqe 3000 m\u00b2, ndodhur n\u00eb Tiran\u00eb; tok\u00eb ar\u00eb, me sip\u00ebrfaqe 2250 m\u00b2, ndodhur n\u00eb Tiran\u00eb. Prokuroria ka dyshime se p\u00ebrmes k\u00ebtyre pronave, ka pasur pastrim parash. Kur dosja vajti n\u00eb gjykat\u00eb pronat u hoq\u00ebn nga sekuestro, m\u00eb pas Apeli i riktheu po n\u00eb sekuestro. N\u00eb raportimet e b\u00ebra nga trupa gjykuese, ajo q\u00eb bie n\u00eb sy \u00ebsht\u00eb se Llalla, ka bler\u00eb toka shum\u00eb lir\u00eb fillimisht dhe m\u00eb pas ka deklaruar se i ka shitur shum\u00eb shtrenjt\u00eb.<\/p>\n<p>P\u00ebr shembull, n\u00eb vitin 2007-t\u00eb, Llalla ka deklaruar nj\u00eb ullishte n\u00eb Bathore, bler\u00eb 1.5 milion\u00eb lek\u00eb. N\u00eb vitin 2011-t\u00eb, ai e rivler\u00ebson pron\u00ebn n\u00eb vler\u00eb 21 milion\u00eb lek\u00eb t\u00eb reja. Nd\u00ebrsa po e nj\u00ebjta pron\u00eb n\u00eb vitin 2016-t\u00eb, \u00ebsht\u00eb shitur 249 mij\u00eb euro. Po ashtu ndryshime n\u00eb vler\u00eb, ka pasur dhe p\u00ebr apartamentin n\u00eb Durr\u00ebs, tani i sekuestruar. Ai \u00ebsht\u00eb bler\u00eb n\u00eb Mars t\u00eb vitit 2012-t\u00eb, n\u00eb vler\u00ebn 2.2 milion\u00eb lek\u00eb t\u00eb reja, nd\u00ebrsa n\u00eb Prill po t\u00eb vitit 2012-t\u00eb, ai e ka rivler\u00ebsuar n\u00eb rreth 5 milion\u00eb lek\u00eb t\u00eb reja.<\/p>\n<p>&nbsp;<\/p>","protected":false},"excerpt":{"rendered":"<p>Gjyqi ndaj ish-Prokurorit t\u00eb P\u00ebrgjithsh\u00ebm, Adriatik Llalla, ka marr\u00eb nj\u00eb tjet\u00ebr kthes\u00eb, teksa pritej q\u00eb brenda k\u00ebtij muaji, t\u00eb merrej vendimi p\u00ebr d\u00ebnimin ose jo t\u00eb tij me burg, gjith\u00e7ka do t\u00eb kthehet n\u00eb pik\u00ebn zero. Dit\u00ebn e djeshme, ka qen\u00eb seanca e radh\u00ebs p\u00ebr ish-Kryeprokurorin dhe ai ka preferuar t\u00eb jet\u00eb vet\u00eb prezent k\u00ebt\u00eb [&hellip;]<\/p>\n","protected":false},"author":2016,"featured_media":178148,"comment_status":"closed","ping_status":"closed","sticky":false,"template":"","format":"standard","meta":{"footnotes":""},"categories":[241],"tags":[2474],"class_list":{"0":"post-178144","1":"post","2":"type-post","3":"status-publish","4":"format-standard","5":"has-post-thumbnail","7":"category-aktualitet","8":"tag-lajme-zjarr-gjyqi-i-llalles-zjarr-tv"},"_links":{"self":[{"href":"https:\/\/zjarr.tv\/en\/wp-json\/wp\/v2\/posts\/178144","targetHints":{"allow":["GET"]}}],"collection":[{"href":"https:\/\/zjarr.tv\/en\/wp-json\/wp\/v2\/posts"}],"about":[{"href":"https:\/\/zjarr.tv\/en\/wp-json\/wp\/v2\/types\/post"}],"author":[{"embeddable":true,"href":"https:\/\/zjarr.tv\/en\/wp-json\/wp\/v2\/users\/2016"}],"replies":[{"embeddable":true,"href":"https:\/\/zjarr.tv\/en\/wp-json\/wp\/v2\/comments?post=178144"}],"version-history":[{"count":0,"href":"https:\/\/zjarr.tv\/en\/wp-json\/wp\/v2\/posts\/178144\/revisions"}],"wp:featuredmedia":[{"embeddable":true,"href":"https:\/\/zjarr.tv\/en\/wp-json\/wp\/v2\/media\/178148"}],"wp:attachment":[{"href":"https:\/\/zjarr.tv\/en\/wp-json\/wp\/v2\/media?parent=178144"}],"wp:term":[{"taxonomy":"category","embeddable":true,"href":"https:\/\/zjarr.tv\/en\/wp-json\/wp\/v2\/categories?post=178144"},{"taxonomy":"post_tag","embeddable":true,"href":"https:\/\/zjarr.tv\/en\/wp-json\/wp\/v2\/tags?post=178144"}],"curies":[{"name":"wp","href":"https:\/\/api.w.org\/{rel}","templated":true}]}}