{"id":178153,"date":"2021-04-17T11:44:58","date_gmt":"2021-04-17T09:44:58","guid":{"rendered":"https:\/\/zjarr.tv\/?p=178153"},"modified":"2021-04-17T11:48:42","modified_gmt":"2021-04-17T09:48:42","slug":"monika-kryemadhi-zbarkon-ne-vlore-ne-kulmin-e-perplasjeve-cfare-po-ndodh-me-luan-ramen","status":"publish","type":"post","link":"https:\/\/zjarr.tv\/en\/monika-kryemadhi-zbarkon-ne-vlore-ne-kulmin-e-perplasjeve-cfare-po-ndodh-me-luan-ramen\/","title":{"rendered":"Monika Kryemadhi zbarkon n\u00eb Vlor\u00eb n\u00eb kulmin e p\u00ebrplasjeve\/ \u00c7far\u00eb po ndodh me Luan Ram\u00ebn?"},"content":{"rendered":"<p>Takimi i LSI-s\u00eb, ka nisur me himnin e flamurit, si dhe me nj\u00eb performanc\u00eb nga nj\u00eb vajz\u00eb e vog\u00ebl, e cila tregoi talentin e saj n\u00eb muzik\u00eb.<\/p>\n<p><em>&#8220;Dhe thon\u00eb q\u00eb Vlora nuk ka m\u00eb f\u00ebmij\u00eb\u2026 prandaj duhet t\u00eb luftojm\u00eb fort q\u00eb f\u00ebmij\u00ebt tan\u00eb t\u00eb mos ikin nga Shqip\u00ebria&#8221;,<\/em>\u00a0tha Kryemadhi.<\/p>\n<p>Luan Rama n\u00eb fjal\u00ebn e tij, tha se prej muajsh ekipi i Vlor\u00ebs, po b\u00ebn nj\u00eb pun\u00eb t\u00eb madhe q\u00eb kjo Parti n\u00eb k\u00ebt\u00eb qytet t\u00eb ringrihet nga e para, me synimin e madh p\u00ebr t\u00eb marr\u00eb 3 mandate n\u00eb 25 Prill.<\/p>\n<p>&nbsp;<\/p>","protected":false},"excerpt":{"rendered":"<p>Takimi i LSI-s\u00eb, ka nisur me himnin e flamurit, si dhe me nj\u00eb performanc\u00eb nga nj\u00eb vajz\u00eb e vog\u00ebl, e cila tregoi talentin e saj n\u00eb muzik\u00eb. &#8220;Dhe thon\u00eb q\u00eb Vlora nuk ka m\u00eb f\u00ebmij\u00eb\u2026 prandaj duhet t\u00eb luftojm\u00eb fort q\u00eb f\u00ebmij\u00ebt tan\u00eb t\u00eb mos ikin nga Shqip\u00ebria&#8221;,\u00a0tha Kryemadhi. Luan Rama n\u00eb fjal\u00ebn e tij, [&hellip;]<\/p>\n","protected":false},"author":2016,"featured_media":178155,"comment_status":"closed","ping_status":"closed","sticky":false,"template":"","format":"standard","meta":{"footnotes":""},"categories":[1454],"tags":[2476],"class_list":{"0":"post-178153","1":"post","2":"type-post","3":"status-publish","4":"format-standard","5":"has-post-thumbnail","7":"category-politike","8":"tag-lajme-zjarr-kryemadhi-ne-vlore-zjarr-tv"},"_links":{"self":[{"href":"https:\/\/zjarr.tv\/en\/wp-json\/wp\/v2\/posts\/178153","targetHints":{"allow":["GET"]}}],"collection":[{"href":"https:\/\/zjarr.tv\/en\/wp-json\/wp\/v2\/posts"}],"about":[{"href":"https:\/\/zjarr.tv\/en\/wp-json\/wp\/v2\/types\/post"}],"author":[{"embeddable":true,"href":"https:\/\/zjarr.tv\/en\/wp-json\/wp\/v2\/users\/2016"}],"replies":[{"embeddable":true,"href":"https:\/\/zjarr.tv\/en\/wp-json\/wp\/v2\/comments?post=178153"}],"version-history":[{"count":0,"href":"https:\/\/zjarr.tv\/en\/wp-json\/wp\/v2\/posts\/178153\/revisions"}],"wp:featuredmedia":[{"embeddable":true,"href":"https:\/\/zjarr.tv\/en\/wp-json\/wp\/v2\/media\/178155"}],"wp:attachment":[{"href":"https:\/\/zjarr.tv\/en\/wp-json\/wp\/v2\/media?parent=178153"}],"wp:term":[{"taxonomy":"category","embeddable":true,"href":"https:\/\/zjarr.tv\/en\/wp-json\/wp\/v2\/categories?post=178153"},{"taxonomy":"post_tag","embeddable":true,"href":"https:\/\/zjarr.tv\/en\/wp-json\/wp\/v2\/tags?post=178153"}],"curies":[{"name":"wp","href":"https:\/\/api.w.org\/{rel}","templated":true}]}}