{"id":178156,"date":"2021-04-17T11:53:46","date_gmt":"2021-04-17T09:53:46","guid":{"rendered":"https:\/\/zjarr.tv\/?p=178156"},"modified":"2021-04-17T11:53:46","modified_gmt":"2021-04-17T09:53:46","slug":"gazment-bardhi-ne-cerrik-25-prilli-shansi-i-fundit-ta-bejme-shqiperine-te-jetueshme-per-te-gjithe","status":"publish","type":"post","link":"https:\/\/zjarr.tv\/en\/gazment-bardhi-ne-cerrik-25-prilli-shansi-i-fundit-ta-bejme-shqiperine-te-jetueshme-per-te-gjithe\/","title":{"rendered":"Gazment Bardhi n\u00eb C\u00ebrrik: 25 prilli, shansi i fundit ta b\u00ebjm\u00eb Shqip\u00ebrin\u00eb t\u00eb jetueshme p\u00ebr t\u00eb gjith\u00eb!"},"content":{"rendered":"<p>Drejtues Politik i Elbasanit, Gazment Bardhi, u takua me banor\u00ebt e Xibrak\u00ebs n\u00eb Cerrik, nga ku akuzoi qeverin\u00eb se i ka braktisur. Sipas Bardhit, varf\u00ebria, braktisja dhe l\u00ebnia n\u00eb skamje e fshatit ka qen\u00eb nj\u00eb politik\u00eb e q\u00ebllimshme e qeveris\u00eb.<\/p>\n<p><em>\u201cN\u00eb k\u00ebto 8 vite kan\u00eb ndjekur nj\u00eb strategji t\u00eb mir\u00ebfillt\u00eb politike, varf\u00ebroi sa m\u00eb shum\u00eb njer\u00ebzit, sepse sa m\u00eb shum\u00eb t\u2019i varf\u00ebrosh e ke m\u00eb t\u00eb leht\u00eb t\u2019i n\u00ebnshtrosh, e t\u2019i shkel\u00ebsh m\u00eb k\u00ebmb\u00eb, Fshati \u00ebsht\u00eb pasqyra m\u00eb e qart\u00eb ku duhet t\u00eb shoh\u00ebsh d\u00ebshtimin e Edi Ram\u00ebs. Na premtoi subvencione n\u00eb bujq\u00ebsi, dhe jo vet\u00ebm q\u00eb nuk dha, po rriti barr\u00ebn, taksat ua rriti, \u00e7mimin e energjis\u00eb e rriti, \u00e7mimin e ujit e rriti, kostoja e jetes\u00ebs \u00ebsht\u00eb rritur, nd\u00ebrkoh\u00eb mb\u00ebshtetja dhe t\u00eb ardhurat kan\u00eb r\u00ebn\u00eb, prandaj kemi m\u00eb pak lek n\u00eb xhep sot\u201d, <\/em>tha Bardhi.<\/p>\n<p>Sipas tij, k\u00ebto zgjedhje jan\u00eb nj\u00eb betej\u00eb kund\u00ebr padrejt\u00ebsive dhe n\u00ebp\u00ebrk\u00ebmbjes s\u00eb shumic\u00ebs s\u00eb njer\u00ebzve.<\/p>\n<p><em>\u201cK\u00ebto zgjedhje nuk jan\u00eb PD apo PS. A keni d\u00ebgjuar ju ndonj\u00eb analiz\u00eb se \u00e7far\u00eb pun\u00ebsh t\u00eb mira ka b\u00ebr\u00eb ai p\u00ebr Shqip\u00ebrin\u00eb, se \u00e7far\u00eb ka premtuar k\u00ebtu n\u00eb Cerrik dhe se \u00e7far\u00eb ka b\u00ebr\u00eb. M\u00eb pas ai del dhe thot\u00eb se ka shp\u00ebrndar\u00eb 95 milion euro ndihm\u00eb p\u00ebr fermer\u00ebt dhe fshatar\u00ebt, a keni d\u00ebgjuar ju ndonj\u00eb k\u00ebtu te fshati juaj t\u00eb marr\u00eb ndonj\u00eb lek. Nj\u00eb em\u00ebr kemi degjuar q\u00eb ka marr\u00eb, \u00ebsht\u00eb ky q\u00eb ka futur p\u00ebr kandidat, ai ka marr\u00eb, ai i ka marr\u00eb milionat e eurove nga subvencioneve n\u00eb bujq\u00ebsi dhe mendon se me ato miliona do vij\u00eb tani e do blej\u00eb fermer\u00ebt dhe fshatar\u00ebt, sepse ve\u00e7 ai ka marr\u00eb. N\u00eb k\u00ebt\u00eb qark un\u00eb nuk ka par\u00eb dhe d\u00ebgjuar asnj\u00eb tjet\u00ebr p\u00ebrve\u00e7 atij dhe Gjergj Luc\u00ebs q\u00eb t\u00eb k\u00ebt\u00eb marr\u00eb para n\u00eb bujq\u00ebsi p\u00ebr shkak se ka nd\u00ebrtuar nj\u00eb sistem t\u00eb till\u00eb subvencionesh q\u00eb t\u2019 iu p\u00ebrjashtoj\u00eb t\u00eb gjith\u00ebve ju. Mir\u00eb q\u00eb nuk \u00ebsht\u00eb krah nesh por edhe na zhvat, mir\u00eb q\u00eb nuk na jep asnj\u00eb lek por na fut dor\u00ebn n\u00eb xhep. Prandaj, ne kemi nj\u00eb p\u00ebrgjegj\u00ebsi t\u00eb madhe t\u00eb gjith\u00eb bashk\u00eb, p\u00ebrgjegj\u00ebsia e par\u00eb \u00ebsht\u00eb e juaja me dat\u00eb 25. Para se t\u00eb votojm\u00eb, secili\u00a0 nga ju t\u00eb b\u00ebj\u00eb llogarit\u00eb e sht\u00ebpis\u00eb s\u00eb vet dhe do t\u00eb duhet q\u00eb at\u00eb dit\u00eb t\u00eb votoj\u00eb p\u00ebr sht\u00ebpin\u00eb e vet, jo me flamuj partish, edhe nj\u00eb socialist do t\u00eb duhet t\u00eb b\u00ebj\u00eb llogarin\u00eb e sht\u00ebpis\u00eb s\u00eb tij, jo llogarit\u00eb e Edi Ram\u00ebs, as llogarit\u00eb e partis\u00eb, do t\u00eb duhet t\u00eb mendoj\u00eb jet\u00ebn e tij, f\u00ebmij\u00ebt e vet, do t\u00eb duhet t\u00eb mendoj\u00eb a do t\u00eb q\u00ebndroj\u00eb dhe 4 vite t\u00eb tjera k\u00ebshtu apo duhet me ndryshu\u201d,<\/em> shtoi Bardhi.<\/p>\n<p>&nbsp;<\/p>","protected":false},"excerpt":{"rendered":"<p>Drejtues Politik i Elbasanit, Gazment Bardhi, u takua me banor\u00ebt e Xibrak\u00ebs n\u00eb Cerrik, nga ku akuzoi qeverin\u00eb se i ka braktisur. Sipas Bardhit, varf\u00ebria, braktisja dhe l\u00ebnia n\u00eb skamje e fshatit ka qen\u00eb nj\u00eb politik\u00eb e q\u00ebllimshme e qeveris\u00eb. \u201cN\u00eb k\u00ebto 8 vite kan\u00eb ndjekur nj\u00eb strategji t\u00eb mir\u00ebfillt\u00eb politike, varf\u00ebroi sa m\u00eb shum\u00eb [&hellip;]<\/p>\n","protected":false},"author":2030,"featured_media":178159,"comment_status":"closed","ping_status":"closed","sticky":false,"template":"","format":"standard","meta":{"footnotes":""},"categories":[241,1454],"tags":[2477,451],"class_list":{"0":"post-178156","1":"post","2":"type-post","3":"status-publish","4":"format-standard","5":"has-post-thumbnail","7":"category-aktualitet","8":"category-politike","9":"tag-gazment-bardhi","10":"tag-lajme-zjarr"},"_links":{"self":[{"href":"https:\/\/zjarr.tv\/en\/wp-json\/wp\/v2\/posts\/178156","targetHints":{"allow":["GET"]}}],"collection":[{"href":"https:\/\/zjarr.tv\/en\/wp-json\/wp\/v2\/posts"}],"about":[{"href":"https:\/\/zjarr.tv\/en\/wp-json\/wp\/v2\/types\/post"}],"author":[{"embeddable":true,"href":"https:\/\/zjarr.tv\/en\/wp-json\/wp\/v2\/users\/2030"}],"replies":[{"embeddable":true,"href":"https:\/\/zjarr.tv\/en\/wp-json\/wp\/v2\/comments?post=178156"}],"version-history":[{"count":0,"href":"https:\/\/zjarr.tv\/en\/wp-json\/wp\/v2\/posts\/178156\/revisions"}],"wp:featuredmedia":[{"embeddable":true,"href":"https:\/\/zjarr.tv\/en\/wp-json\/wp\/v2\/media\/178159"}],"wp:attachment":[{"href":"https:\/\/zjarr.tv\/en\/wp-json\/wp\/v2\/media?parent=178156"}],"wp:term":[{"taxonomy":"category","embeddable":true,"href":"https:\/\/zjarr.tv\/en\/wp-json\/wp\/v2\/categories?post=178156"},{"taxonomy":"post_tag","embeddable":true,"href":"https:\/\/zjarr.tv\/en\/wp-json\/wp\/v2\/tags?post=178156"}],"curies":[{"name":"wp","href":"https:\/\/api.w.org\/{rel}","templated":true}]}}