{"id":178161,"date":"2021-04-17T12:04:47","date_gmt":"2021-04-17T10:04:47","guid":{"rendered":"https:\/\/zjarr.tv\/?p=178161"},"modified":"2021-04-17T12:04:47","modified_gmt":"2021-04-17T10:04:47","slug":"celibashi-thirrje-te-rinjve-merrni-pjese-ne-zgjedhjet-e-25-prillit","status":"publish","type":"post","link":"https:\/\/zjarr.tv\/en\/celibashi-thirrje-te-rinjve-merrni-pjese-ne-zgjedhjet-e-25-prillit\/","title":{"rendered":"Celibashi thirrje t\u00eb rinjve: Merrni pjes\u00eb n\u00eb zgjedhjet e 25 prillit"},"content":{"rendered":"<p>Kryetari i Komisionit Q\u00ebndror t\u00eb Zgjedhjeve, Ilirjan Celibashi, u ka b\u00ebr\u00eb thirrje t\u00eb rinjve q\u00eb t\u00eb marrin pjes\u00eb n\u00eb zgjdhjet e 25 prillit.<\/p>\n<p>Me an\u00eb t\u00eb nj\u00eb postimi n\u00eb rrjetet sociale, Celibashi inkurajon t\u00eb rinjt\u00eb q\u00eb t\u00eb angazhohen dhe t\u00eb marrin pjes\u00eb n\u00eb zgjedhjet e 25 prillit duke vendosur k\u00ebshtu p\u00ebr t\u00eb ardhmen e tyre.<\/p>\n<p>\u201c<em>Inkurajoj t\u00eb rinjt\u00eb shqiptar\u00eb q\u00eb t\u00eb angazhohen n\u00eb proceset demokratike t\u00eb vendit dhe t\u00eb marrin pjes\u00eb n\u00eb zgjedhjet e dat\u00ebs #25prill2021. <\/em><em>\ud835\udc19\ud835\udc20\ud835\udc23\ud835\udc22\ud835\udc1d\ud835\udc21<\/em><em>, <\/em><em>\ud835\udc15\ud835\udc28\ud835\udc2d\ud835\udc28<\/em><em>, <\/em><em>\ud835\udc15\ud835\udc04\ud835\udc0d\ud835\udc03\ud835\udc0e\ud835\udc12<\/em><em>\u201d<\/em> shkruan ai n\u00eb postimin e tij.<\/p>","protected":false},"excerpt":{"rendered":"<p>Kryetari i Komisionit Q\u00ebndror t\u00eb Zgjedhjeve, Ilirjan Celibashi, u ka b\u00ebr\u00eb thirrje t\u00eb rinjve q\u00eb t\u00eb marrin pjes\u00eb n\u00eb zgjdhjet e 25 prillit. Me an\u00eb t\u00eb nj\u00eb postimi n\u00eb rrjetet sociale, Celibashi inkurajon t\u00eb rinjt\u00eb q\u00eb t\u00eb angazhohen dhe t\u00eb marrin pjes\u00eb n\u00eb zgjedhjet e 25 prillit duke vendosur k\u00ebshtu p\u00ebr t\u00eb ardhmen e tyre. [&hellip;]<\/p>\n","protected":false},"author":2030,"featured_media":178162,"comment_status":"closed","ping_status":"closed","sticky":false,"template":"","format":"standard","meta":{"footnotes":""},"categories":[241,1454],"tags":[2478,451],"class_list":{"0":"post-178161","1":"post","2":"type-post","3":"status-publish","4":"format-standard","5":"has-post-thumbnail","7":"category-aktualitet","8":"category-politike","9":"tag-ilirjan-celibashi-u-ka-bere-thirrje-te-rinjve-qe-te-marrin-pjese-ne-zgjdhjet-e-25-prillit","10":"tag-lajme-zjarr"},"_links":{"self":[{"href":"https:\/\/zjarr.tv\/en\/wp-json\/wp\/v2\/posts\/178161","targetHints":{"allow":["GET"]}}],"collection":[{"href":"https:\/\/zjarr.tv\/en\/wp-json\/wp\/v2\/posts"}],"about":[{"href":"https:\/\/zjarr.tv\/en\/wp-json\/wp\/v2\/types\/post"}],"author":[{"embeddable":true,"href":"https:\/\/zjarr.tv\/en\/wp-json\/wp\/v2\/users\/2030"}],"replies":[{"embeddable":true,"href":"https:\/\/zjarr.tv\/en\/wp-json\/wp\/v2\/comments?post=178161"}],"version-history":[{"count":0,"href":"https:\/\/zjarr.tv\/en\/wp-json\/wp\/v2\/posts\/178161\/revisions"}],"wp:featuredmedia":[{"embeddable":true,"href":"https:\/\/zjarr.tv\/en\/wp-json\/wp\/v2\/media\/178162"}],"wp:attachment":[{"href":"https:\/\/zjarr.tv\/en\/wp-json\/wp\/v2\/media?parent=178161"}],"wp:term":[{"taxonomy":"category","embeddable":true,"href":"https:\/\/zjarr.tv\/en\/wp-json\/wp\/v2\/categories?post=178161"},{"taxonomy":"post_tag","embeddable":true,"href":"https:\/\/zjarr.tv\/en\/wp-json\/wp\/v2\/tags?post=178161"}],"curies":[{"name":"wp","href":"https:\/\/api.w.org\/{rel}","templated":true}]}}