{"id":178164,"date":"2021-04-17T12:18:43","date_gmt":"2021-04-17T10:18:43","guid":{"rendered":"https:\/\/zjarr.tv\/?p=178164"},"modified":"2021-04-17T12:18:43","modified_gmt":"2021-04-17T10:18:43","slug":"pas-zerave-per-perplasje-luan-rama-shfaqet-krah-kryemadhit-ne-vlore-jane-perpjekur-te-na-percajne","status":"publish","type":"post","link":"https:\/\/zjarr.tv\/en\/pas-zerave-per-perplasje-luan-rama-shfaqet-krah-kryemadhit-ne-vlore-jane-perpjekur-te-na-percajne\/","title":{"rendered":"Pas z\u00ebrave p\u00ebr p\u00ebrplasje, Luan Rama shfaqet krah Kryemadhit n\u00eb Vlor\u00eb: Jan\u00eb p\u00ebrpjekur t\u00eb na p\u00ebr\u00e7ajn\u00eb"},"content":{"rendered":"<p>Kryetarja e L\u00ebvizjes Socialiste p\u00ebr Integrim Monika Kryemadhi ndodhet sot n\u00eb Vlor\u00eb, n\u00eb vijim t\u00eb turit t\u00eb saj elektoral. Kryemadhi u shfaq krah numrit 1. t\u00eb list\u00ebs s\u00eb LSI, Luan Rama.<\/p>\n<p>Kryemadhi dhe Rama u shfaq\u00ebn krah nj\u00ebri-tjetrit, duke p\u00ebrg\u00ebnjeshtruar aludimet p\u00ebr p\u00ebrplasje dhe p\u00ebr\u00e7arje mes tyre.<\/p>\n<p>\u201c<em>Vlora e bukur! Vlora e zemr\u00ebs s\u00eb Shqip\u00ebris\u00eb \u00ebsht\u00eb sot k\u00ebtu e gjitha e bashkuar, n\u00ebn flamurin e Shqip\u00ebris\u00eb. E nderuar kryetare e LSI-s\u00eb Monika Kryemadhi Mir\u00eb se ke ardhur n\u00eb Vlor\u00eb, dhe ne jemi sot t\u00eb gjith\u00eb bashk\u00eb, me zem\u00ebr e me shpirt t\u00eb vendosur p\u00ebr fitoren e LSI-s\u00eb. Jam m\u00eb i emocionuari nga t\u00eb gjitha.<\/em><\/p>\n<p><em> Jam sot bashk\u00eb me ju p\u00ebr t\u00eb konfirmuar nj\u00eb pun\u00eb t\u00eb jasht\u00ebzakonshme, me pasion e vendosm\u00ebri q\u00eb kemi b\u00ebr\u00eb n\u00eb 7 muaj p\u00ebr ta ringritur LSI-n\u00eb nga e para me djem e vajza t\u00eb mrekullueshme. Jam k\u00ebtu p\u00ebr t\u00eb konfirmuar se e gjith\u00eb lista \u00ebsht\u00eb mish\u00ebrimi i kohezionit shoq\u00ebror, dhe mbi t\u00eb gjitha i pasionit p\u00ebr ti sh\u00ebrbyer Vlor\u00ebs dhe Shqip\u00ebris\u00eb, vet\u00ebm me synimin q\u00eb Shqip\u00ebria \u00ebsht\u00eb e para. Jam nj\u00ebri nga 12 emrat, i barabart\u00eb mes t\u00eb barabart\u00ebve n\u00eb list\u00ebn e LSI.<\/em><\/p>\n<p><em>Na kan\u00eb sulmuar, na kan\u00eb p\u00ebrgojuar, jan\u00eb p\u00ebrpjekur t\u00eb na posht\u00ebrojn\u00eb e p\u00ebr\u00e7ajn\u00eb por nuk ia kan\u00eb dal\u00eb dhe nuk do ia dalin sepse LSI nuk \u00ebsht\u00eb parti emrash, \u00ebsht\u00eb parti zemrash<\/em>\u201d, tha Luan Rama.<\/p>","protected":false},"excerpt":{"rendered":"<p>Kryetarja e L\u00ebvizjes Socialiste p\u00ebr Integrim Monika Kryemadhi ndodhet sot n\u00eb Vlor\u00eb, n\u00eb vijim t\u00eb turit t\u00eb saj elektoral. Kryemadhi u shfaq krah numrit 1. t\u00eb list\u00ebs s\u00eb LSI, Luan Rama. Kryemadhi dhe Rama u shfaq\u00ebn krah nj\u00ebri-tjetrit, duke p\u00ebrg\u00ebnjeshtruar aludimet p\u00ebr p\u00ebrplasje dhe p\u00ebr\u00e7arje mes tyre. \u201cVlora e bukur! Vlora e zemr\u00ebs s\u00eb Shqip\u00ebris\u00eb [&hellip;]<\/p>\n","protected":false},"author":2030,"featured_media":178165,"comment_status":"closed","ping_status":"closed","sticky":false,"template":"","format":"standard","meta":{"footnotes":""},"categories":[241,1454],"tags":[],"class_list":{"0":"post-178164","1":"post","2":"type-post","3":"status-publish","4":"format-standard","5":"has-post-thumbnail","7":"category-aktualitet","8":"category-politike"},"_links":{"self":[{"href":"https:\/\/zjarr.tv\/en\/wp-json\/wp\/v2\/posts\/178164","targetHints":{"allow":["GET"]}}],"collection":[{"href":"https:\/\/zjarr.tv\/en\/wp-json\/wp\/v2\/posts"}],"about":[{"href":"https:\/\/zjarr.tv\/en\/wp-json\/wp\/v2\/types\/post"}],"author":[{"embeddable":true,"href":"https:\/\/zjarr.tv\/en\/wp-json\/wp\/v2\/users\/2030"}],"replies":[{"embeddable":true,"href":"https:\/\/zjarr.tv\/en\/wp-json\/wp\/v2\/comments?post=178164"}],"version-history":[{"count":0,"href":"https:\/\/zjarr.tv\/en\/wp-json\/wp\/v2\/posts\/178164\/revisions"}],"wp:featuredmedia":[{"embeddable":true,"href":"https:\/\/zjarr.tv\/en\/wp-json\/wp\/v2\/media\/178165"}],"wp:attachment":[{"href":"https:\/\/zjarr.tv\/en\/wp-json\/wp\/v2\/media?parent=178164"}],"wp:term":[{"taxonomy":"category","embeddable":true,"href":"https:\/\/zjarr.tv\/en\/wp-json\/wp\/v2\/categories?post=178164"},{"taxonomy":"post_tag","embeddable":true,"href":"https:\/\/zjarr.tv\/en\/wp-json\/wp\/v2\/tags?post=178164"}],"curies":[{"name":"wp","href":"https:\/\/api.w.org\/{rel}","templated":true}]}}