{"id":178167,"date":"2021-04-17T12:38:18","date_gmt":"2021-04-17T10:38:18","guid":{"rendered":"https:\/\/zjarr.tv\/?p=178167"},"modified":"2021-04-17T12:38:18","modified_gmt":"2021-04-17T10:38:18","slug":"lulzim-basha-ne-turin-final-brenda-24-oreve-do-te-pershkoje-shqiperine-nga-jugu-ne-veri-9-ndalesa-per-te-votuar-numrin-9","status":"publish","type":"post","link":"https:\/\/zjarr.tv\/en\/lulzim-basha-ne-turin-final-brenda-24-oreve-do-te-pershkoje-shqiperine-nga-jugu-ne-veri-9-ndalesa-per-te-votuar-numrin-9\/","title":{"rendered":"Lulzim Basha n\u00eb turin final, brenda 24 or\u00ebve do t\u00eb p\u00ebrshkoj\u00eb Shqip\u00ebrin\u00eb nga Jugu n\u00eb Veri, 9 ndalesa p\u00ebr t\u00eb votuar numrin 9"},"content":{"rendered":"<p>Teksa vet\u00ebm nj\u00eb jav\u00eb na ndan nga zgjedhjet parlamentare, kryetari i Partis\u00eb Demokratike, Lulzim Basha, ka zgjedhur nj\u00eb m\u00ebnyr\u00eb interesante p\u00ebr t\u00eb finalizuar dit\u00ebt e fundit t\u00eb fushat\u00ebs elektorale.\u00a0K\u00ebt\u00eb t\u00eb shtun\u00eb, Partia Demokratike do t\u00eb p\u00ebrshkoj\u00eb Shqip\u00ebrin\u00eb nga Jugu n\u00eb Veri.<\/p>\n<p>N\u00eb m\u00ebnyr\u00eb simbolike, ky rrug\u00ebtim nga skaji m\u00eb jugor n\u00eb at\u00eb m\u00eb verior t\u00eb vendit, do t\u00eb ket\u00eb 9 ndalesa, aq sa \u00ebsht\u00eb dhe numri i PD n\u00eb flet\u00ebn e votimit.<\/p>\n<p>Turi i dit\u00ebs s\u00eb sotme t\u00eb Bash\u00ebs, p\u00ebrfshin 9 ndalesa. Udh\u00ebtimi \u201c9 P\u00cbR NDRYSHIM\u201d kalon n\u00ebp\u00ebrmjet Sarand\u00ebs, Delvin\u00ebs, Tepelen\u00ebs, Levanit, Shijakut, Kruj\u00ebs, Kurbinit Mirdites dhe finalizohet n\u00eb Tropoje.<\/p>","protected":false},"excerpt":{"rendered":"<p>Teksa vet\u00ebm nj\u00eb jav\u00eb na ndan nga zgjedhjet parlamentare, kryetari i Partis\u00eb Demokratike, Lulzim Basha, ka zgjedhur nj\u00eb m\u00ebnyr\u00eb interesante p\u00ebr t\u00eb finalizuar dit\u00ebt e fundit t\u00eb fushat\u00ebs elektorale.\u00a0K\u00ebt\u00eb t\u00eb shtun\u00eb, Partia Demokratike do t\u00eb p\u00ebrshkoj\u00eb Shqip\u00ebrin\u00eb nga Jugu n\u00eb Veri. N\u00eb m\u00ebnyr\u00eb simbolike, ky rrug\u00ebtim nga skaji m\u00eb jugor n\u00eb at\u00eb m\u00eb verior t\u00eb [&hellip;]<\/p>\n","protected":false},"author":2030,"featured_media":178168,"comment_status":"closed","ping_status":"closed","sticky":false,"template":"","format":"standard","meta":{"footnotes":""},"categories":[241,1454],"tags":[],"class_list":{"0":"post-178167","1":"post","2":"type-post","3":"status-publish","4":"format-standard","5":"has-post-thumbnail","7":"category-aktualitet","8":"category-politike"},"_links":{"self":[{"href":"https:\/\/zjarr.tv\/en\/wp-json\/wp\/v2\/posts\/178167","targetHints":{"allow":["GET"]}}],"collection":[{"href":"https:\/\/zjarr.tv\/en\/wp-json\/wp\/v2\/posts"}],"about":[{"href":"https:\/\/zjarr.tv\/en\/wp-json\/wp\/v2\/types\/post"}],"author":[{"embeddable":true,"href":"https:\/\/zjarr.tv\/en\/wp-json\/wp\/v2\/users\/2030"}],"replies":[{"embeddable":true,"href":"https:\/\/zjarr.tv\/en\/wp-json\/wp\/v2\/comments?post=178167"}],"version-history":[{"count":0,"href":"https:\/\/zjarr.tv\/en\/wp-json\/wp\/v2\/posts\/178167\/revisions"}],"wp:featuredmedia":[{"embeddable":true,"href":"https:\/\/zjarr.tv\/en\/wp-json\/wp\/v2\/media\/178168"}],"wp:attachment":[{"href":"https:\/\/zjarr.tv\/en\/wp-json\/wp\/v2\/media?parent=178167"}],"wp:term":[{"taxonomy":"category","embeddable":true,"href":"https:\/\/zjarr.tv\/en\/wp-json\/wp\/v2\/categories?post=178167"},{"taxonomy":"post_tag","embeddable":true,"href":"https:\/\/zjarr.tv\/en\/wp-json\/wp\/v2\/tags?post=178167"}],"curies":[{"name":"wp","href":"https:\/\/api.w.org\/{rel}","templated":true}]}}