{"id":178171,"date":"2021-04-17T12:51:26","date_gmt":"2021-04-17T10:51:26","guid":{"rendered":"https:\/\/zjarr.tv\/?p=178171"},"modified":"2021-04-17T12:51:26","modified_gmt":"2021-04-17T10:51:26","slug":"kane-marre-fjalen-patronazhist-dhe-e-sjellin-verdalle-rama-ps-eshte-nje-rrjet-i-organizuar","status":"publish","type":"post","link":"https:\/\/zjarr.tv\/en\/kane-marre-fjalen-patronazhist-dhe-e-sjellin-verdalle-rama-ps-eshte-nje-rrjet-i-organizuar\/","title":{"rendered":"\u2018Kan\u00eb marr\u00eb fjal\u00ebn patronazhist dhe e sjellin v\u00ebrdall\u00eb\u2019\/Rama: PS \u00ebsht\u00eb nj\u00eb rrjet i organizuar\u2026"},"content":{"rendered":"<p>Kryeministri Edi Rama \u00ebsht\u00eb ndalur sot n\u00eb nj\u00eb takim me votues p\u00ebr her\u00eb t\u00eb par\u00eb n\u00eb qytetin e Durr\u00ebsit, ku foli dhe p\u00ebr databasen me t\u00eb dh\u00ebnat e qytetar\u00ebve q\u00eb ka q\u00ebn\u00eb n\u00eb dor\u00eb t\u00eb PS-s\u00eb. Rama tha se kjo forc\u00eb politike ka n\u00eb baz\u00eb t\u00eb saj organizimin dhe pun\u00ebn me njer\u00ebzit, dhe ky nuk ka sesi t\u00eb jet\u00eb nj\u00eb krim.<\/p>\n<p><strong>Rama:<\/strong><\/p>\n<p><em>Kan\u00eb nj\u00eb fjal\u00eb q\u00eb e sjellin v\u00ebrdall\u00eb gjith\u00eb k\u00ebto dit\u00eb, patronazhistin. Ata nuk e din\u00eb q\u00eb PS \u00ebsht\u00eb nj\u00eb familje q\u00eb t\u00eb angazhuarit brenda familjes punojn\u00eb vullnetarisht duke marr\u00eb nga koha e tyre e lir\u00eb, p\u00ebr t\u00eb pasur n\u00eb komunikim t\u00eb drejtp\u00ebrdrejt\u00eb njer\u00ebzit e zakonsh\u00ebm t\u00eb k\u00ebtij vendi, qytet m\u00eb qytet, fshat m\u00eb fshat, der\u00eb m\u00eb der\u00eb, pasi beteja e p\u00ebrditshme e PS-s\u00eb \u00ebsht\u00eb p\u00ebr t\u00eb fituar zemrat dhe mendjet e njer\u00ebzve.<\/em><\/p>\n<p><em>Pastaj \u00e7uditen se zbresin n\u00eb fush\u00ebn e loj\u00ebs, si dikush q\u00eb beson se i takon fitorja dhe \u00ebsht\u00eb i fituar, pastaj fillojn\u00eb dhe kuptojn\u00eb se nuk \u00ebsht\u00eb kaq e leht\u00eb, dhe pastaj kur shohin tabel\u00ebn e rezultatin shohin 74-78.<\/em><\/p>\n<p><em>Vet\u00ebm PS mund ta \u00e7oj\u00eb n\u00eb maj\u00ebn q\u00eb i takon k\u00ebt\u00eb vend, pasi PS nuk \u00ebsht\u00eb vet\u00ebm Edi Rama dhe disa ministra, PS \u00ebsht\u00eb nj\u00eb rrjet i t\u00ebr\u00eb i organizuar mendjesh, t\u00eb t\u00eb gjitha moshave q\u00eb jan\u00eb n\u00eb t\u00eb gjith\u00eb Shqip\u00ebrin\u00eb, p\u00ebr t\u00eb komunikuar mesazhin dhe p\u00ebr t\u00eb marr\u00eb rezultatin.<\/em><\/p>","protected":false},"excerpt":{"rendered":"<p>Kryeministri Edi Rama \u00ebsht\u00eb ndalur sot n\u00eb nj\u00eb takim me votues p\u00ebr her\u00eb t\u00eb par\u00eb n\u00eb qytetin e Durr\u00ebsit, ku foli dhe p\u00ebr databasen me t\u00eb dh\u00ebnat e qytetar\u00ebve q\u00eb ka q\u00ebn\u00eb n\u00eb dor\u00eb t\u00eb PS-s\u00eb. Rama tha se kjo forc\u00eb politike ka n\u00eb baz\u00eb t\u00eb saj organizimin dhe pun\u00ebn me njer\u00ebzit, dhe ky nuk [&hellip;]<\/p>\n","protected":false},"author":2030,"featured_media":178172,"comment_status":"closed","ping_status":"closed","sticky":false,"template":"","format":"standard","meta":{"footnotes":""},"categories":[241,1454],"tags":[],"class_list":{"0":"post-178171","1":"post","2":"type-post","3":"status-publish","4":"format-standard","5":"has-post-thumbnail","7":"category-aktualitet","8":"category-politike"},"_links":{"self":[{"href":"https:\/\/zjarr.tv\/en\/wp-json\/wp\/v2\/posts\/178171","targetHints":{"allow":["GET"]}}],"collection":[{"href":"https:\/\/zjarr.tv\/en\/wp-json\/wp\/v2\/posts"}],"about":[{"href":"https:\/\/zjarr.tv\/en\/wp-json\/wp\/v2\/types\/post"}],"author":[{"embeddable":true,"href":"https:\/\/zjarr.tv\/en\/wp-json\/wp\/v2\/users\/2030"}],"replies":[{"embeddable":true,"href":"https:\/\/zjarr.tv\/en\/wp-json\/wp\/v2\/comments?post=178171"}],"version-history":[{"count":0,"href":"https:\/\/zjarr.tv\/en\/wp-json\/wp\/v2\/posts\/178171\/revisions"}],"wp:featuredmedia":[{"embeddable":true,"href":"https:\/\/zjarr.tv\/en\/wp-json\/wp\/v2\/media\/178172"}],"wp:attachment":[{"href":"https:\/\/zjarr.tv\/en\/wp-json\/wp\/v2\/media?parent=178171"}],"wp:term":[{"taxonomy":"category","embeddable":true,"href":"https:\/\/zjarr.tv\/en\/wp-json\/wp\/v2\/categories?post=178171"},{"taxonomy":"post_tag","embeddable":true,"href":"https:\/\/zjarr.tv\/en\/wp-json\/wp\/v2\/tags?post=178171"}],"curies":[{"name":"wp","href":"https:\/\/api.w.org\/{rel}","templated":true}]}}