{"id":178183,"date":"2021-04-17T14:25:13","date_gmt":"2021-04-17T12:25:13","guid":{"rendered":"https:\/\/zjarr.tv\/?p=178183"},"modified":"2021-04-17T14:25:13","modified_gmt":"2021-04-17T12:25:13","slug":"pas-operatoreve-turistike-ja-cilat-jane-dy-kategorite-e-riskuara-qe-do-te-vaksinohen-se-shpejti","status":"publish","type":"post","link":"https:\/\/zjarr.tv\/en\/pas-operatoreve-turistike-ja-cilat-jane-dy-kategorite-e-riskuara-qe-do-te-vaksinohen-se-shpejti\/","title":{"rendered":"Pas operator\u00ebve turistik\u00eb, ja cilat jan\u00eb dy kategorit\u00eb e riskuara q\u00eb do t\u00eb vaksinohen s\u00eb shpejti"},"content":{"rendered":"<p><strong>\u00a0<\/strong>Ka nisur sot procesi i vaksinimit t\u00eb operator\u00ebve turistik\u00eb n\u00eb t\u00eb gjith\u00eb vendin. I pranish\u00ebm n\u00eb procesi e vaksinimit n\u00eb qytetin e Durr\u00ebsit ishte kryeministri Edi Rama, i shoq\u00ebruar nga ministrja e Sh\u00ebndet\u00ebsis\u00eb Ogerta Manastirliu.<\/p>\n<p>Rama b\u00ebri me dije se pas operator\u00ebve turistik\u00eb, s\u00eb shpejti do t\u00eb nis\u00eb vaksinimi i punonj\u00ebsve t\u00eb fasonerive dhe punonj\u00ebsve t\u00eb transportit, t\u00eb cilat sipas tij b\u00ebjn\u00eb pjes\u00eb tek kategorit\u00eb e riskuara.<\/p>\n<p>\u201c<em>Sot duhet t\u00eb informohen edhe t\u00eb tjer\u00ebt qeveria \u00ebsht\u00eb gati q\u00eb t\u00eb vaksinoj\u00eb t\u00eb gjit\u00eb personelin e strukturave hoteliere, t\u00eb bregdetit si fillim. Jan\u00eb ato q\u00eb do t\u00eb ken\u00eb dhe mas\u00ebn m\u00eb t\u00eb madhe t\u00eb turizmit q\u00eb do t\u00eb presim. Japim garanci p\u00ebr turist\u00ebt q\u00eb do t\u00eb vijn\u00eb dhe t\u00eb gjejn\u00eb hotele covid-free. T\u00eb gjith\u00eb t\u00eb aplikojn\u00eb n\u00eb Ministrin\u00eb e Turizmit ne.<\/em><\/p>\n<p><em>Dy kategori t\u00eb tjera jan\u00eb punonj\u00ebsit e fabrikave dhe nj\u00eb kategori shum\u00eb e r\u00ebnd\u00ebsishme jan\u00eb transportuesit e udh\u00ebtar\u00ebve. Jan\u00eb n\u00eb nj\u00eb zon\u00eb risku t\u00eb konsiderueshme. M\u00eb drejtorin\u00eb e Transportit Rrugor kemi nisur hartimin e listave p\u00ebr transportuesit e udh\u00ebtar\u00ebve n\u00eb vend, q\u00eb edhe ata t\u00eb jen\u00eb t\u00eb mbrojtur\u201d,<\/em> u shpreh Rama.<\/p>","protected":false},"excerpt":{"rendered":"<p>\u00a0Ka nisur sot procesi i vaksinimit t\u00eb operator\u00ebve turistik\u00eb n\u00eb t\u00eb gjith\u00eb vendin. I pranish\u00ebm n\u00eb procesi e vaksinimit n\u00eb qytetin e Durr\u00ebsit ishte kryeministri Edi Rama, i shoq\u00ebruar nga ministrja e Sh\u00ebndet\u00ebsis\u00eb Ogerta Manastirliu. Rama b\u00ebri me dije se pas operator\u00ebve turistik\u00eb, s\u00eb shpejti do t\u00eb nis\u00eb vaksinimi i punonj\u00ebsve t\u00eb fasonerive dhe punonj\u00ebsve [&hellip;]<\/p>\n","protected":false},"author":2030,"featured_media":178184,"comment_status":"closed","ping_status":"closed","sticky":false,"template":"","format":"standard","meta":{"footnotes":""},"categories":[241],"tags":[],"class_list":{"0":"post-178183","1":"post","2":"type-post","3":"status-publish","4":"format-standard","5":"has-post-thumbnail","7":"category-aktualitet"},"_links":{"self":[{"href":"https:\/\/zjarr.tv\/en\/wp-json\/wp\/v2\/posts\/178183","targetHints":{"allow":["GET"]}}],"collection":[{"href":"https:\/\/zjarr.tv\/en\/wp-json\/wp\/v2\/posts"}],"about":[{"href":"https:\/\/zjarr.tv\/en\/wp-json\/wp\/v2\/types\/post"}],"author":[{"embeddable":true,"href":"https:\/\/zjarr.tv\/en\/wp-json\/wp\/v2\/users\/2030"}],"replies":[{"embeddable":true,"href":"https:\/\/zjarr.tv\/en\/wp-json\/wp\/v2\/comments?post=178183"}],"version-history":[{"count":0,"href":"https:\/\/zjarr.tv\/en\/wp-json\/wp\/v2\/posts\/178183\/revisions"}],"wp:featuredmedia":[{"embeddable":true,"href":"https:\/\/zjarr.tv\/en\/wp-json\/wp\/v2\/media\/178184"}],"wp:attachment":[{"href":"https:\/\/zjarr.tv\/en\/wp-json\/wp\/v2\/media?parent=178183"}],"wp:term":[{"taxonomy":"category","embeddable":true,"href":"https:\/\/zjarr.tv\/en\/wp-json\/wp\/v2\/categories?post=178183"},{"taxonomy":"post_tag","embeddable":true,"href":"https:\/\/zjarr.tv\/en\/wp-json\/wp\/v2\/tags?post=178183"}],"curies":[{"name":"wp","href":"https:\/\/api.w.org\/{rel}","templated":true}]}}