{"id":178189,"date":"2021-04-17T16:05:48","date_gmt":"2021-04-17T14:05:48","guid":{"rendered":"https:\/\/zjarr.tv\/?p=178189"},"modified":"2021-04-17T16:05:48","modified_gmt":"2021-04-17T14:05:48","slug":"fidel-ylli-zgjidhet-president-i-komitetit-olimpik-kombetar-shqiptar","status":"publish","type":"post","link":"https:\/\/zjarr.tv\/en\/fidel-ylli-zgjidhet-president-i-komitetit-olimpik-kombetar-shqiptar\/","title":{"rendered":"Fidel Ylli zgjidhet President i Komitetit Olimpik Komb\u00ebtar Shqiptar"},"content":{"rendered":"<p>Fidel Ylli \u00ebsht\u00eb zyrtarisht President i Komitetit Olimpik Komb\u00ebtar Shqiptar. Ai \u00ebsht\u00eb p\u00ebrzgjedhur pas votimit q\u00eb u mbajt n\u00eb Asamble sot.<\/p>\n<p>Nga 41 an\u00ebtar\u00eb, 37 an\u00ebtar\u00eb kishin t\u00eb drejt\u00eb vote. Kujtojm\u00eb q\u00eb n\u00eb gar\u00eb ishin edhe Martin Biba dhe Vojo Mala.<\/p>\n<p>Fidel Ylli ia doli t\u00eb triumfoj\u00eb me 40 vota pro. Sa i p\u00ebrket rival\u00ebve t\u00eb tjer\u00eb, Martin Biba mori 4 vota, nd\u00ebrsa 12 vota mori Vojo Malo. Gjithashtu, nj\u00eb vot\u00eb u shpall e pavlefshme. Vlen t\u00eb theksojm\u00eb se FSHF nuk mori pjes\u00eb, pasi ishte e p\u00ebrjashtuar nga kjo Asamble.<\/p>\n<p>Mbledhja kishte filluar n\u00eb or\u00ebn 12.00, me 3 kandidat\u00ebt q\u00eb mbajt\u00ebn fillimisht fjal\u00ebn e tyre.<\/p>","protected":false},"excerpt":{"rendered":"<p>Fidel Ylli \u00ebsht\u00eb zyrtarisht President i Komitetit Olimpik Komb\u00ebtar Shqiptar. Ai \u00ebsht\u00eb p\u00ebrzgjedhur pas votimit q\u00eb u mbajt n\u00eb Asamble sot. Nga 41 an\u00ebtar\u00eb, 37 an\u00ebtar\u00eb kishin t\u00eb drejt\u00eb vote. Kujtojm\u00eb q\u00eb n\u00eb gar\u00eb ishin edhe Martin Biba dhe Vojo Mala. Fidel Ylli ia doli t\u00eb triumfoj\u00eb me 40 vota pro. Sa i p\u00ebrket rival\u00ebve [&hellip;]<\/p>\n","protected":false},"author":2031,"featured_media":178190,"comment_status":"closed","ping_status":"closed","sticky":false,"template":"","format":"standard","meta":{"footnotes":""},"categories":[231,235],"tags":[2479,312,329],"class_list":{"0":"post-178189","1":"post","2":"type-post","3":"status-publish","4":"format-standard","5":"has-post-thumbnail","7":"category-lajme","8":"category-vendi","9":"tag-fidel-ylli","10":"tag-lajme","11":"tag-zjarr-tv"},"_links":{"self":[{"href":"https:\/\/zjarr.tv\/en\/wp-json\/wp\/v2\/posts\/178189","targetHints":{"allow":["GET"]}}],"collection":[{"href":"https:\/\/zjarr.tv\/en\/wp-json\/wp\/v2\/posts"}],"about":[{"href":"https:\/\/zjarr.tv\/en\/wp-json\/wp\/v2\/types\/post"}],"author":[{"embeddable":true,"href":"https:\/\/zjarr.tv\/en\/wp-json\/wp\/v2\/users\/2031"}],"replies":[{"embeddable":true,"href":"https:\/\/zjarr.tv\/en\/wp-json\/wp\/v2\/comments?post=178189"}],"version-history":[{"count":0,"href":"https:\/\/zjarr.tv\/en\/wp-json\/wp\/v2\/posts\/178189\/revisions"}],"wp:featuredmedia":[{"embeddable":true,"href":"https:\/\/zjarr.tv\/en\/wp-json\/wp\/v2\/media\/178190"}],"wp:attachment":[{"href":"https:\/\/zjarr.tv\/en\/wp-json\/wp\/v2\/media?parent=178189"}],"wp:term":[{"taxonomy":"category","embeddable":true,"href":"https:\/\/zjarr.tv\/en\/wp-json\/wp\/v2\/categories?post=178189"},{"taxonomy":"post_tag","embeddable":true,"href":"https:\/\/zjarr.tv\/en\/wp-json\/wp\/v2\/tags?post=178189"}],"curies":[{"name":"wp","href":"https:\/\/api.w.org\/{rel}","templated":true}]}}