{"id":178423,"date":"2021-04-19T12:16:37","date_gmt":"2021-04-19T10:16:37","guid":{"rendered":"https:\/\/zjarr.tv\/?p=178423"},"modified":"2021-04-19T12:16:37","modified_gmt":"2021-04-19T10:16:37","slug":"presidenti-meta-25-prilli-referendum-kunder-qeverise-rama","status":"publish","type":"post","link":"https:\/\/zjarr.tv\/en\/presidenti-meta-25-prilli-referendum-kunder-qeverise-rama\/","title":{"rendered":"Presidenti Meta: 25 Prilli referendum kund\u00ebr qeveris\u00eb Rama\u2026"},"content":{"rendered":"<p>Presidenti i vendit Ilir Meta, i ka cil\u00ebsuar Zgjedhjet Parlamntare t\u00eb 25 Prillit, si nj\u00eb referendum kund\u00ebr qeveris\u00eb \u201cRama\u201d. N\u00ebp\u00ebrmjet nj\u00eb postimi n\u00eb \u201cFacebook\u201d, Meta komenton p\u00ebrs\u00ebri \u00e7\u00ebshtjen e patronazhist\u00ebve, p\u00ebr t\u00eb cil\u00ebt thot\u00eb se paguhen nga taksat e shqiptar\u00ebve.<\/p>\n<p>M\u00eb tej, Presidenti shkruan se shqiptar\u00ebt n\u00eb Zgjedhjet e 25 Prillit, do t\u00eb rivendosin rendin kushtetues dhe shtetin e s\u00eb drejt\u00ebs.<\/p>\n<p><strong>Postimi i Met\u00ebs<\/strong><\/p>\n<p>25 PRILLI, REFERENDUM KUND\u00cbR FUKS-SHTETIT!<\/p>\n<p>Pun\u00ebsimi nga Partia-Shtet i 10 mij\u00eb vet\u00ebve m\u00eb shum\u00eb se nj\u00eb vit m\u00eb par\u00eb n\u00eb administrat\u00ebn publike, q\u00ebllimisht n\u00eb prag t\u00eb zgjedhjeve, \u00ebsht\u00eb nd\u00ebrhyrje flagrante n\u00eb procesin zgjedhor.<\/p>\n<p>K\u00ebto vende pune, t\u00eb cilat nuk kan\u00eb asnj\u00eb ndikim n\u00eb zhvillimin shoq\u00ebror dhe ekonomik t\u00eb Shqip\u00ebris\u00eb, paguhen me taksat e qytetar\u00ebve duke e r\u00ebnduar edhe m\u00eb shum\u00eb gjendjen e tyre ekonomike. Nd\u00ebrsa shteti i kapur, hap 10 mij\u00eb vende pune n\u00eb administrat\u00ebn publike, pa asnj\u00eb vler\u00eb, p\u00ebr t\u00eb \u201crehatuar\u201d kryesisht patronazhist\u00ebt, dhjet\u00ebra mij\u00ebra vende pune humbin n\u00eb sektor\u00ebt prodhues dhe mij\u00ebra biznese mbyllen dhe falimentojn\u00eb. Mir\u00eb q\u00eb na survejojn\u00eb, por edhe t\u2019i mbajm\u00eb me rroga p\u00ebr k\u00ebt\u00eb! \u00a0Prandaj 25 Prilli, \u00ebsht\u00eb referendum popullor kund\u00ebr FUKS-SHTETIT, i v\u00ebn\u00eb t\u00ebr\u00ebsisht n\u00eb sh\u00ebrbim t\u00eb survejimit dhe patronazhist\u00ebve. Me vot\u00ebn e tij plebishitare Sovrani m\u00eb 25 Prill, rivendos rendin kushtetues dhe shtetin e s\u00eb drejt\u00ebs.<\/p>\n<p>&nbsp;<\/p>","protected":false},"excerpt":{"rendered":"<p>Presidenti i vendit Ilir Meta, i ka cil\u00ebsuar Zgjedhjet Parlamntare t\u00eb 25 Prillit, si nj\u00eb referendum kund\u00ebr qeveris\u00eb \u201cRama\u201d. N\u00ebp\u00ebrmjet nj\u00eb postimi n\u00eb \u201cFacebook\u201d, Meta komenton p\u00ebrs\u00ebri \u00e7\u00ebshtjen e patronazhist\u00ebve, p\u00ebr t\u00eb cil\u00ebt thot\u00eb se paguhen nga taksat e shqiptar\u00ebve. M\u00eb tej, Presidenti shkruan se shqiptar\u00ebt n\u00eb Zgjedhjet e 25 Prillit, do t\u00eb rivendosin rendin [&hellip;]<\/p>\n","protected":false},"author":2016,"featured_media":178425,"comment_status":"closed","ping_status":"closed","sticky":false,"template":"","format":"standard","meta":{"footnotes":""},"categories":[241,1454],"tags":[2513],"class_list":{"0":"post-178423","1":"post","2":"type-post","3":"status-publish","4":"format-standard","5":"has-post-thumbnail","7":"category-aktualitet","8":"category-politike","9":"tag-lajme-zjarr-meta-25-prilli-referendum-kunder-qeverise-zjarr-tv"},"_links":{"self":[{"href":"https:\/\/zjarr.tv\/en\/wp-json\/wp\/v2\/posts\/178423","targetHints":{"allow":["GET"]}}],"collection":[{"href":"https:\/\/zjarr.tv\/en\/wp-json\/wp\/v2\/posts"}],"about":[{"href":"https:\/\/zjarr.tv\/en\/wp-json\/wp\/v2\/types\/post"}],"author":[{"embeddable":true,"href":"https:\/\/zjarr.tv\/en\/wp-json\/wp\/v2\/users\/2016"}],"replies":[{"embeddable":true,"href":"https:\/\/zjarr.tv\/en\/wp-json\/wp\/v2\/comments?post=178423"}],"version-history":[{"count":0,"href":"https:\/\/zjarr.tv\/en\/wp-json\/wp\/v2\/posts\/178423\/revisions"}],"wp:featuredmedia":[{"embeddable":true,"href":"https:\/\/zjarr.tv\/en\/wp-json\/wp\/v2\/media\/178425"}],"wp:attachment":[{"href":"https:\/\/zjarr.tv\/en\/wp-json\/wp\/v2\/media?parent=178423"}],"wp:term":[{"taxonomy":"category","embeddable":true,"href":"https:\/\/zjarr.tv\/en\/wp-json\/wp\/v2\/categories?post=178423"},{"taxonomy":"post_tag","embeddable":true,"href":"https:\/\/zjarr.tv\/en\/wp-json\/wp\/v2\/tags?post=178423"}],"curies":[{"name":"wp","href":"https:\/\/api.w.org\/{rel}","templated":true}]}}