{"id":178630,"date":"2021-04-20T12:33:32","date_gmt":"2021-04-20T10:33:32","guid":{"rendered":"https:\/\/zjarr.tv\/?p=178630"},"modified":"2021-04-20T12:36:04","modified_gmt":"2021-04-20T10:36:04","slug":"ard-veliu-pret-dhe-falenderon-policin-qe-parandaloi-vrasjen-e-dyfishte-ne-tirane-shkelzen-tafa-nuk-e-bera-per-fame-eshte-pergjegjesi-morale-dhe-ligjore","status":"publish","type":"post","link":"https:\/\/zjarr.tv\/en\/ard-veliu-pret-dhe-falenderon-policin-qe-parandaloi-vrasjen-e-dyfishte-ne-tirane-shkelzen-tafa-nuk-e-bera-per-fame-eshte-pergjegjesi-morale-dhe-ligjore\/","title":{"rendered":"Ard Veliu pret dhe falenderon policin q\u00eb parandaloi vrasjen e dyfisht\u00eb n\u00eb Tiran\u00eb, Shk\u00eblzen Tafa: Nuk e b\u00ebra p\u00ebr fam\u00eb, \u00ebsht\u00eb p\u00ebrgjegj\u00ebsi morale dhe ligjore"},"content":{"rendered":"<p>N\u00eb paraditen e sotme, Drejtori i P\u00ebrgjithsh\u00ebm i Policis\u00eb s\u00eb Shtetit, Ardi Veliu ka pritur n\u00eb nj\u00eb takim, p\u00ebr ta fal\u00ebnderuar, punonj\u00ebsin e Policis\u00eb Shk\u00eblzen Tafa, i cili m\u00eb dat\u00eb 18 Prill ka nd\u00ebrhyr\u00eb p\u00ebr t\u00eb parandaluar nj\u00eb konflikt q\u00eb mund t\u00eb p\u00ebrshkall\u00ebzohej deri n\u00eb vrasje.<\/p>\n<p>Punonj\u00ebsi i policis\u00eb n\u00eb at\u00eb moment ka qen\u00eb jasht\u00eb sh\u00ebrbimit dhe \u00ebsht\u00eb ndodhur rast\u00ebsisht n\u00eb situat\u00ebn e v\u00ebshtir\u00eb.<\/p>\n<p>Drejtori i policis\u00eb, n\u00eb bised\u00ebn q\u00eb pati me efektivin, e fal\u00ebnderoi at\u00eb dhe e p\u00ebrg\u00ebzoi p\u00ebr kuraj\u00ebn e treguar edhe pse nuk ishte n\u00eb sh\u00ebrbim.<\/p>\n<p>Veliu: \u201c<em>Ajo q\u00eb ju b\u00ebt\u00eb \u00ebsht\u00eb mish\u00ebrimi i asaj \u00e7ka duhet t\u00eb b\u00ebjm\u00eb t\u00eb gjith\u00eb ne punonj\u00ebsit e Policis\u00eb s\u00eb Shtetit.<\/em><\/p>\n<p><em>Veprimet e tua ishin kurajoze dhe profesionale, q\u00eb nga vendimi q\u00eb more p\u00ebr t\u00eb nd\u00ebrhyr\u00eb, nxjerrja dhe mbajta e arm\u00ebs, dh\u00ebnia e komandave p\u00ebr personin q\u00eb duhej t\u2019i bindej urdhrit t\u00eb punonj\u00ebsit t\u00eb Policis\u00eb e deri n\u00eb neutralizimin e tij.<br \/>\nP\u00ebr k\u00ebt\u00eb, un\u00eb si Drejtor i P\u00ebrgjithsh\u00ebm, por e gjith\u00eb organizata e Policis\u00eb jemi krenar\u00eb p\u00ebr veprimin tuaj.<\/em><\/p>\n<p><em>Qytetar\u00ebt pan\u00eb tek veprimet e tua Policin\u00eb q\u00eb duan dhe kjo ka akoma m\u00eb shum\u00eb vler\u00eb p\u00ebr ne, rritja e besimit dhe e mb\u00ebshtetjes s\u00eb qytetar\u00ebve p\u00ebr Policis\u00eb, pasi pa qytetar\u00ebt ne nuk mund ta kryejm\u00eb dhe p\u00ebrmbushim si duhet detyr\u00ebn. Veprime t\u00eb tilla n\u00eb sh\u00ebrbim e n\u00eb mbrojtje t\u00eb jet\u00ebs s\u00eb qytetar\u00ebve duhet t\u00eb jen\u00eb motiv p\u00ebr t\u00eb gjith\u00eb punonj\u00ebsit e Policis\u00eb<\/em>\u201d.<\/p>\n<p>Punonj\u00ebsi i Policis\u00eb Shk\u00eblzen Tafa, pjes\u00eb e forc\u00ebs s\u00eb posa\u00e7me \u201cShqiponja\u201d aktualisht n\u00eb praktik\u00eb, pasi vijon studimet n\u00eb vitin e tret\u00eb Bachelor n\u00eb Fakultetin p\u00ebr Hetimin e Krimit n\u00eb Akademin\u00eb e Siguris\u00eb, ka fal\u00ebnderuar Drejtor Veliun p\u00ebr pritjen dhe vler\u00ebsimin dhe e ka siguruar at\u00eb se veprimin q\u00eb ai ka kryer nuk e ka b\u00ebr\u00eb p\u00ebr fam\u00eb apo p\u00ebr buj\u00eb, por sepse ishte p\u00ebrgjegj\u00ebsi morale dhe ligjore p\u00ebr uniform\u00ebn q\u00eb mban dhe detyrimin ndaj qytetar\u00ebve.<\/p>\n<p><img loading=\"lazy\" decoding=\"async\" class=\"alignnone size-medium wp-image-178633\" src=\"https:\/\/zjarr.tv\/wp-content\/uploads\/2021\/04\/Untitled-design-2021-04-20T123546.350-300x251.jpg\" alt=\"\" width=\"300\" height=\"251\" srcset=\"https:\/\/zjarr.tv\/wp-content\/uploads\/2021\/04\/Untitled-design-2021-04-20T123546.350-300x251.jpg 300w, https:\/\/zjarr.tv\/wp-content\/uploads\/2021\/04\/Untitled-design-2021-04-20T123546.350-768x644.jpg 768w, https:\/\/zjarr.tv\/wp-content\/uploads\/2021\/04\/Untitled-design-2021-04-20T123546.350-696x583.jpg 696w, https:\/\/zjarr.tv\/wp-content\/uploads\/2021\/04\/Untitled-design-2021-04-20T123546.350-501x420.jpg 501w, https:\/\/zjarr.tv\/wp-content\/uploads\/2021\/04\/Untitled-design-2021-04-20T123546.350.jpg 940w\" sizes=\"auto, (max-width: 300px) 100vw, 300px\" \/><img loading=\"lazy\" decoding=\"async\" class=\"alignnone size-medium wp-image-178634\" src=\"https:\/\/zjarr.tv\/wp-content\/uploads\/2021\/04\/Untitled-design-2021-04-20T123525.889-300x251.jpg\" alt=\"\" width=\"300\" height=\"251\" srcset=\"https:\/\/zjarr.tv\/wp-content\/uploads\/2021\/04\/Untitled-design-2021-04-20T123525.889-300x251.jpg 300w, https:\/\/zjarr.tv\/wp-content\/uploads\/2021\/04\/Untitled-design-2021-04-20T123525.889-768x644.jpg 768w, https:\/\/zjarr.tv\/wp-content\/uploads\/2021\/04\/Untitled-design-2021-04-20T123525.889-696x583.jpg 696w, https:\/\/zjarr.tv\/wp-content\/uploads\/2021\/04\/Untitled-design-2021-04-20T123525.889-501x420.jpg 501w, https:\/\/zjarr.tv\/wp-content\/uploads\/2021\/04\/Untitled-design-2021-04-20T123525.889.jpg 940w\" sizes=\"auto, (max-width: 300px) 100vw, 300px\" \/><\/p>","protected":false},"excerpt":{"rendered":"<p>N\u00eb paraditen e sotme, Drejtori i P\u00ebrgjithsh\u00ebm i Policis\u00eb s\u00eb Shtetit, Ardi Veliu ka pritur n\u00eb nj\u00eb takim, p\u00ebr ta fal\u00ebnderuar, punonj\u00ebsin e Policis\u00eb Shk\u00eblzen Tafa, i cili m\u00eb dat\u00eb 18 Prill ka nd\u00ebrhyr\u00eb p\u00ebr t\u00eb parandaluar nj\u00eb konflikt q\u00eb mund t\u00eb p\u00ebrshkall\u00ebzohej deri n\u00eb vrasje. Punonj\u00ebsi i policis\u00eb n\u00eb at\u00eb moment ka qen\u00eb jasht\u00eb [&hellip;]<\/p>\n","protected":false},"author":2030,"featured_media":178631,"comment_status":"closed","ping_status":"closed","sticky":false,"template":"","format":"standard","meta":{"footnotes":""},"categories":[241],"tags":[],"class_list":{"0":"post-178630","1":"post","2":"type-post","3":"status-publish","4":"format-standard","5":"has-post-thumbnail","7":"category-aktualitet"},"_links":{"self":[{"href":"https:\/\/zjarr.tv\/en\/wp-json\/wp\/v2\/posts\/178630","targetHints":{"allow":["GET"]}}],"collection":[{"href":"https:\/\/zjarr.tv\/en\/wp-json\/wp\/v2\/posts"}],"about":[{"href":"https:\/\/zjarr.tv\/en\/wp-json\/wp\/v2\/types\/post"}],"author":[{"embeddable":true,"href":"https:\/\/zjarr.tv\/en\/wp-json\/wp\/v2\/users\/2030"}],"replies":[{"embeddable":true,"href":"https:\/\/zjarr.tv\/en\/wp-json\/wp\/v2\/comments?post=178630"}],"version-history":[{"count":0,"href":"https:\/\/zjarr.tv\/en\/wp-json\/wp\/v2\/posts\/178630\/revisions"}],"wp:featuredmedia":[{"embeddable":true,"href":"https:\/\/zjarr.tv\/en\/wp-json\/wp\/v2\/media\/178631"}],"wp:attachment":[{"href":"https:\/\/zjarr.tv\/en\/wp-json\/wp\/v2\/media?parent=178630"}],"wp:term":[{"taxonomy":"category","embeddable":true,"href":"https:\/\/zjarr.tv\/en\/wp-json\/wp\/v2\/categories?post=178630"},{"taxonomy":"post_tag","embeddable":true,"href":"https:\/\/zjarr.tv\/en\/wp-json\/wp\/v2\/tags?post=178630"}],"curies":[{"name":"wp","href":"https:\/\/api.w.org\/{rel}","templated":true}]}}