{"id":178637,"date":"2021-04-20T13:39:34","date_gmt":"2021-04-20T11:39:34","guid":{"rendered":"https:\/\/zjarr.tv\/?p=178637"},"modified":"2021-04-20T13:39:34","modified_gmt":"2021-04-20T11:39:34","slug":"thane-se-vellai-i-saj-mori-miliona-leke-duke-abuzuar-kryemadhi-rames-drini-eshte-inxhinier-mekanik-nder-me-te-miret-ne-vend","status":"publish","type":"post","link":"https:\/\/zjarr.tv\/en\/thane-se-vellai-i-saj-mori-miliona-leke-duke-abuzuar-kryemadhi-rames-drini-eshte-inxhinier-mekanik-nder-me-te-miret-ne-vend\/","title":{"rendered":"Than\u00eb s\u00eb v\u00ebllai i saj mori miliona lek\u00eb duke abuzuar, Kryemadhi-Ram\u00ebs: Drini \u00ebsht\u00eb inxhinier mekanik, nd\u00ebr m\u00eb t\u00eb mir\u00ebt n\u00eb vend"},"content":{"rendered":"<p>Kryetarja e LSI-s\u00eb, Monika Kryemadhi i ka kthyer p\u00ebrgjigje Blendi Gonxhes dhe Edi Ram\u00ebs p\u00ebr pag\u00ebn e v\u00ebllait t\u00eb saj.<\/p>\n<p>Gonxhe dhe Rama ngrit\u00ebn disa akuza duke th\u00ebn\u00eb se se v\u00ebllai i Kryemadhit, i cili sipas tyre drejtonte koncesionin e kolaudimit ka p\u00ebrfituar nj\u00eb shum\u00eb prej 400 milion\u00eb lek\u00ebsh n\u00eb m\u00ebnyr\u00eb abuzive.<\/p>\n<p>Kryetarja e LSI-s\u00eb u \u00ebsht\u00eb p\u00ebrgjigjur sot k\u00ebtyre akuzave duke deklaruar hapur edhe pag\u00ebn e vallait t\u00eb saj, i cili \u00ebhst\u00eb inxhinier mekanik.<\/p>\n<p><strong>Postimi i plot\u00eb:<\/strong><\/p>\n<p><em>Kjo \u00ebsht\u00eb paga e v\u00ebllait tim.<\/em><\/p>\n<p><em>Dhe mbi k\u00ebt\u00eb pag\u00eb ke mbajtur edhe taks\u00ebn mbi pag\u00ebn, si\u00e7 ke taksuar \u00e7do profesionist tjet\u00ebr t\u00eb shtres\u00ebs s\u00eb mesme, q\u00eb \u00e7do dit\u00eb po pak\u00ebsohen n\u00eb vend.<\/em><\/p>\n<p><em>Drini Kryemadhi \u00ebsht\u00eb inxhinier mekanik, i v\u00ebrtet\u00eb, jo si injorant\u00ebt q\u00eb ke pun\u00ebsuar n\u00eb administrat\u00eb, si fuksa sigurimi.<\/em><\/p>\n<p><em>Drini Kryemadhi ka qen\u00eb nj\u00eb nd\u00ebr inxhinier\u00ebt, q\u00eb ka b\u00ebr\u00eb hartimin e Kodit t\u00eb par\u00eb Rrugor p\u00ebr Republik\u00ebn e Shqip\u00ebris\u00eb, n\u00eb vitin 1998. Sot e 20 vjet m\u00eb von\u00eb, Shqip\u00ebria punon me t\u00eb nj\u00ebjtin Kod Rrugor t\u00eb atyre ekspert\u00ebve t\u00eb nderuar.<\/em><\/p>\n<p><em>N\u00eb pun\u00ebn q\u00eb ti i permend, ai \u00ebsht\u00eb pun\u00ebsuar nga kompania Zviceriane, q\u00eb ti e p\u00ebrzure p\u00ebr t\u2019ja b\u00ebr\u00eb gati nj\u00eb oligarku. Pagat e inxhinier\u00ebve jan\u00eb t\u00eb larta, pra ai ka marr\u00eb 303.709 lek\u00eb ose 2450 euro n\u00eb muaj.\u00a0<\/em><\/p>\n<p><em>Por, ti se llogjikon dot vler\u00ebsimin e t\u00eb aftit, sepse profesionist\u00ebt e Shqip\u00ebris\u00eb i degdise rrug\u00ebve t\u00eb Gjermanis\u00eb dhe t\u00eb bot\u00ebs, e n\u00eb vend t\u00eb inxhinier\u00ebve mekanik ti merr inxhinier sufllaqesh.<\/em><\/p>\n<p><em>M\u00eb vjen mir\u00eb p\u00ebr Drinin. Si inxhinier q\u00eb \u00ebsht\u00eb, \u00ebsht\u00eb shum\u00eb racional. Do fitoka dhe nj\u00eb shp\u00ebrblim tjet\u00ebr prej shpifjeve t\u00eb tua dhe t\u00eb Gonxhes.<\/em><\/p>\n<p><em>Komento pag\u00ebn 10 milion\u00eb lek\u00eb n\u00eb muaj t\u00eb pensionistit, babit t\u00eb Alqit, q\u00eb merr te inceneratori. E di vet\u00eb ti.<\/em><\/p>\n<p><strong>\u00a0<\/strong><\/p>","protected":false},"excerpt":{"rendered":"<p>Kryetarja e LSI-s\u00eb, Monika Kryemadhi i ka kthyer p\u00ebrgjigje Blendi Gonxhes dhe Edi Ram\u00ebs p\u00ebr pag\u00ebn e v\u00ebllait t\u00eb saj. Gonxhe dhe Rama ngrit\u00ebn disa akuza duke th\u00ebn\u00eb se se v\u00ebllai i Kryemadhit, i cili sipas tyre drejtonte koncesionin e kolaudimit ka p\u00ebrfituar nj\u00eb shum\u00eb prej 400 milion\u00eb lek\u00ebsh n\u00eb m\u00ebnyr\u00eb abuzive. Kryetarja e LSI-s\u00eb [&hellip;]<\/p>\n","protected":false},"author":2030,"featured_media":178638,"comment_status":"closed","ping_status":"closed","sticky":false,"template":"","format":"standard","meta":{"footnotes":""},"categories":[241,1454],"tags":[],"class_list":{"0":"post-178637","1":"post","2":"type-post","3":"status-publish","4":"format-standard","5":"has-post-thumbnail","7":"category-aktualitet","8":"category-politike"},"_links":{"self":[{"href":"https:\/\/zjarr.tv\/en\/wp-json\/wp\/v2\/posts\/178637","targetHints":{"allow":["GET"]}}],"collection":[{"href":"https:\/\/zjarr.tv\/en\/wp-json\/wp\/v2\/posts"}],"about":[{"href":"https:\/\/zjarr.tv\/en\/wp-json\/wp\/v2\/types\/post"}],"author":[{"embeddable":true,"href":"https:\/\/zjarr.tv\/en\/wp-json\/wp\/v2\/users\/2030"}],"replies":[{"embeddable":true,"href":"https:\/\/zjarr.tv\/en\/wp-json\/wp\/v2\/comments?post=178637"}],"version-history":[{"count":0,"href":"https:\/\/zjarr.tv\/en\/wp-json\/wp\/v2\/posts\/178637\/revisions"}],"wp:featuredmedia":[{"embeddable":true,"href":"https:\/\/zjarr.tv\/en\/wp-json\/wp\/v2\/media\/178638"}],"wp:attachment":[{"href":"https:\/\/zjarr.tv\/en\/wp-json\/wp\/v2\/media?parent=178637"}],"wp:term":[{"taxonomy":"category","embeddable":true,"href":"https:\/\/zjarr.tv\/en\/wp-json\/wp\/v2\/categories?post=178637"},{"taxonomy":"post_tag","embeddable":true,"href":"https:\/\/zjarr.tv\/en\/wp-json\/wp\/v2\/tags?post=178637"}],"curies":[{"name":"wp","href":"https:\/\/api.w.org\/{rel}","templated":true}]}}