{"id":178657,"date":"2021-04-20T16:28:03","date_gmt":"2021-04-20T14:28:03","guid":{"rendered":"https:\/\/zjarr.tv\/?p=178657"},"modified":"2021-04-20T16:28:03","modified_gmt":"2021-04-20T14:28:03","slug":"rames-nuk-i-ben-pershtypje-skandali-legalizimeve-flet-per-vaksinimin-nuk-ka-nder-me-te-madh-sesa-tiu-nxjerr-nga-tuneli-i-pandemise","status":"publish","type":"post","link":"https:\/\/zjarr.tv\/en\/rames-nuk-i-ben-pershtypje-skandali-legalizimeve-flet-per-vaksinimin-nuk-ka-nder-me-te-madh-sesa-tiu-nxjerr-nga-tuneli-i-pandemise\/","title":{"rendered":"Ram\u00ebs nuk i b\u00ebn p\u00ebrshtypje skandali legalizimeve, flet p\u00ebr vaksinimin: Nuk ka nder m\u00eb t\u00eb madh sesa t\u2019iu nxjerr nga tuneli i pandemis\u00eb"},"content":{"rendered":"<p>Superskandali ku kreu i Kadastr\u00ebs\u00a0Artan Lame d\u00ebgjohej t\u2019i thoshte vart\u00ebsve t\u00eb tij t\u00eb shfryt\u00ebzojn\u00eb legalizimin e 320 mij\u00eb objekteve n\u00eb funksion t\u00eb marrjes s\u00eb vot\u00ebs mesa duket nuk i b\u00ebn p\u00ebrshtypje Kryeministrit Edi Rama.<\/p>\n<p>Gazetari investigativ Artan Hoxha, p\u00ebrmes nj\u00eb postimi n\u00eb rrjetin social Faceboook, ka publikuar nj\u00eb audiop\u00ebrgjim, ku d\u00ebgjohet drejtori i P\u00ebrgjithsh\u00ebm i Kadastr\u00ebs Artan Lame, duke udh\u00ebzuar vart\u00ebsit e tij t\u00eb shfryt\u00ebzojn\u00eb legalizimin e 320 mij\u00eb legalizimeve n\u00eb funksion t\u00eb marrjes s\u00eb vot\u00ebs.<\/p>\n<p>Nga ana tjet\u00ebr, Rama me an\u00eb t\u00eb nj\u00eb statusi n\u00eb Facebook flet p\u00ebr sukseset q\u00eb po regjistron Shqip\u00ebria n\u00eb luft\u00ebn kund\u00ebr koronavirusit.<\/p>\n<p>Kryeministri ka shp\u00ebrndar\u00eb nj\u00eb grafik ku shihet Shqip\u00ebria e para n\u00eb Ballkan p\u00ebr num\u00ebr vaksinimesh n\u00eb 100 banor\u00eb.<\/p>\n<p><em>\u201cNuk ka nder m\u00eb t\u00eb madh p\u00ebr mua se udh\u00ebheqja e k\u00ebsaj lufte p\u00ebr ju e me ju dhe nxjerrja s\u00eb af\u00ebrmi e Shqip\u00ebris\u00eb p\u00ebrtej tunelit t\u00eb pandemis\u00eb, m\u00eb shpejt se shum\u00eb t\u00eb tjer\u00eb n\u00eb Europ\u00ebn ku jetojm\u00eb\u201d, <\/em>shkruan Rama.<\/p>\n<p><strong>\u00a0<\/strong><\/p>","protected":false},"excerpt":{"rendered":"<p>Superskandali ku kreu i Kadastr\u00ebs\u00a0Artan Lame d\u00ebgjohej t\u2019i thoshte vart\u00ebsve t\u00eb tij t\u00eb shfryt\u00ebzojn\u00eb legalizimin e 320 mij\u00eb objekteve n\u00eb funksion t\u00eb marrjes s\u00eb vot\u00ebs mesa duket nuk i b\u00ebn p\u00ebrshtypje Kryeministrit Edi Rama. Gazetari investigativ Artan Hoxha, p\u00ebrmes nj\u00eb postimi n\u00eb rrjetin social Faceboook, ka publikuar nj\u00eb audiop\u00ebrgjim, ku d\u00ebgjohet drejtori i P\u00ebrgjithsh\u00ebm i [&hellip;]<\/p>\n","protected":false},"author":2030,"featured_media":178658,"comment_status":"closed","ping_status":"closed","sticky":false,"template":"","format":"standard","meta":{"footnotes":""},"categories":[241],"tags":[],"class_list":{"0":"post-178657","1":"post","2":"type-post","3":"status-publish","4":"format-standard","5":"has-post-thumbnail","7":"category-aktualitet"},"_links":{"self":[{"href":"https:\/\/zjarr.tv\/en\/wp-json\/wp\/v2\/posts\/178657","targetHints":{"allow":["GET"]}}],"collection":[{"href":"https:\/\/zjarr.tv\/en\/wp-json\/wp\/v2\/posts"}],"about":[{"href":"https:\/\/zjarr.tv\/en\/wp-json\/wp\/v2\/types\/post"}],"author":[{"embeddable":true,"href":"https:\/\/zjarr.tv\/en\/wp-json\/wp\/v2\/users\/2030"}],"replies":[{"embeddable":true,"href":"https:\/\/zjarr.tv\/en\/wp-json\/wp\/v2\/comments?post=178657"}],"version-history":[{"count":0,"href":"https:\/\/zjarr.tv\/en\/wp-json\/wp\/v2\/posts\/178657\/revisions"}],"wp:featuredmedia":[{"embeddable":true,"href":"https:\/\/zjarr.tv\/en\/wp-json\/wp\/v2\/media\/178658"}],"wp:attachment":[{"href":"https:\/\/zjarr.tv\/en\/wp-json\/wp\/v2\/media?parent=178657"}],"wp:term":[{"taxonomy":"category","embeddable":true,"href":"https:\/\/zjarr.tv\/en\/wp-json\/wp\/v2\/categories?post=178657"},{"taxonomy":"post_tag","embeddable":true,"href":"https:\/\/zjarr.tv\/en\/wp-json\/wp\/v2\/tags?post=178657"}],"curies":[{"name":"wp","href":"https:\/\/api.w.org\/{rel}","templated":true}]}}