{"id":178667,"date":"2021-04-20T17:16:04","date_gmt":"2021-04-20T15:16:04","guid":{"rendered":"https:\/\/zjarr.tv\/?p=178667"},"modified":"2021-04-20T17:16:04","modified_gmt":"2021-04-20T15:16:04","slug":"artan-lame-flet-per-regjistrimin-ajo-mbledhje-eshte-zhvilluar-ne-2017","status":"publish","type":"post","link":"https:\/\/zjarr.tv\/en\/artan-lame-flet-per-regjistrimin-ajo-mbledhje-eshte-zhvilluar-ne-2017\/","title":{"rendered":"Artan Lame flet per \u201cregjistrimin\u201d: Ajo mbledhje \u00ebsht\u00eb zhvilluar n\u00eb 2017"},"content":{"rendered":"<p>Dit\u00ebn e sotme gazetari Artan Hoxha publikoi nj\u00eb regjistrim zanor t\u00eb kreut t\u00eb Kadastr\u00ebs Shqiptare Artan Lame, i cili fliste p\u00ebr 320 mij\u00eb prona q\u00eb ishin n\u00eb proces legalizimi.<\/p>\n<p>Ky regjistrim qarkulloi n\u00ebmedia dhe u cil\u00ebsua si skandal, por vet\u00eb Artan Lame ka reaguar n\u00eb lidhje me k\u00ebt\u00eb regjistrim, ku sqaron se ajo bised\u00eb \u00ebsht\u00eb b\u00ebr\u00eb n\u00eb tetor ose n\u00ebntor t\u00eb vitit 2017.<\/p>\n<p>Ai thot\u00eb se t\u00eb gjitha ato q\u00eb thuhen n\u00eb at\u00eb regjistrim jan\u00eb t\u00eb v\u00ebrteta, nd\u00ebrsa shton se t\u00eb nj\u00ebjtat fjal\u00eb i ka th\u00ebn\u00eb edhe n\u00eb studiot televizive p\u00ebr pronat q\u00eb nuk mund t\u00eb legalizohen.<\/p>\n<p>Por sipas Lames, ka vet\u00ebm nj\u00eb ndryshim, pasi ligji i ri i legalizimeve do t\u00eb zgjidh\u00eb problemin edhe t\u00eb atyre pronave q\u00eb nuk legalizohen, pasi pronar\u00ebt e k\u00ebtyre pronave do t\u00eb p\u00ebrfitojn\u00eb d\u00ebmshp\u00ebrblim.<\/p>\n<p>Reagimi i plot\u00eb:<\/p>\n<p>\ud835\udded\ud835\uddd5\ud835\uddd4\ud835\udde5\ud835\uddd7\ud835\udddb\ud835\udddd\ud835\uddd4 \ud835\uddd8 \ud835\udde1\ud835\udddd\ud835\uddd8 \ud835\uddd7\ud835\udddc\ud835\udde6\ud835\uddde\ud835\udde8\ud835\udde7\ud835\udddc\ud835\udde0\ud835\udddc \ud835\udde7\ud835\uddd8 \ud835\udde9\ud835\udddc\ud835\udde7\ud835\udddc\ud835\udde7 \ud835\udfee\ud835\udfec\ud835\udfed\ud835\udff3<\/p>\n<p>Sot u publikua nj\u00eb regjistrim i nj\u00eb diskutimi tim, t\u00eb folur n\u00eb tetor (ose n\u00ebntor) 2017, p\u00ebr problematikat e vijimit t\u00eb procesit t\u00eb legalizimeve. Aty jemi pas zgjedhjeve t\u00eb atij viti, pra nuk mblidhemi p\u00ebr t\u00eb bler\u00eb vota se votat i kishim marr\u00eb, dhe po diskutojm\u00eb se si do t\u00eb trajtojm\u00eb objektet q\u00eb, me ligjin e trash\u00ebguar nga Saliu, nuk mund t\u00eb legalizoheshin dot.<\/p>\n<p>T\u00eb gjitha shifrat q\u00eb p\u00ebrmenden aty jan\u00eb t\u00eb v\u00ebrteta p\u00ebr at\u00eb koh\u00eb, le q\u00eb un\u00eb i kam deklaruar vazhdimisht edhe publikisht dhe mund t\u2019i gjeni n\u00eb t\u00eb gjitha daljet e mia publike.<\/p>\n<p>Them \u201cjan\u00eb t\u00eb v\u00ebrteta p\u00ebr at\u00eb koh\u00eb\u201d, sepse nd\u00ebrkaq kemi ecur p\u00ebrpara. Pra, aty them 150 mij\u00eb legalizime, sot kemi tejkaluar 210 mij\u00eb. Aty them q\u00eb kan\u00eb mbetur edhe 170 mij\u00eb por nd\u00ebrkaq prej k\u00ebtyre 60 mij\u00eb t\u00eb tjera u b\u00ebn\u00eb. E vetmja shif\u00ebr ku nuk l\u00ebviz, jan\u00eb rreth 90.000 nd\u00ebrtime q\u00eb nuk mund t\u00eb legalizoheshin me ligjin e asaj kohe dhe k\u00ebt\u00eb e kam th\u00ebn\u00eb sa e sa her\u00eb edhe n\u00eb media.<\/p>\n<p>Natyrisht q\u00eb un\u00eb aty them se \u201cpo nuk gjet\u00ebm nj\u00eb zgjidhje p\u00ebr k\u00ebta njer\u00ebz, ata do t\u00eb b\u00ebhen mish p\u00ebr top p\u00ebr pal\u00ebn tjet\u00ebr\u201d. Kush mund t\u00eb thoj\u00eb q\u00eb nuk \u00ebsht\u00eb k\u00ebshtu?!<\/p>\n<p>Natyrisht q\u00eb un\u00eb them se \u201ck\u00ebtyre njer\u00ebzve q\u00eb nuk mund t\u00eb legalizohen, ne do t\u2019ju themi q\u00eb do t\u00eb gjejm\u00eb nj\u00eb zgjidhje kur t\u00eb b\u00ebjm\u00eb ndryshimet ligjore\u201d. Pse, \u00e7\u2019do t\u2019ju thonim, q\u00eb do t\u2019ju v\u00ebm\u00eb kazm\u00ebn sepse k\u00ebshtu e ka ligjin Saliu? Dhe k\u00ebt\u00eb un\u00eb e kam p\u00ebrs\u00ebritur kaq e kaq her\u00eb n\u00eb \u00e7do takim publik.<\/p>\n<p>Natyrisht q\u00eb un\u00eb aty them q\u00eb \u201catij q\u00eb nuk i legalizohet sht\u00ebpia, edhe Miloshevici sikur t\u00eb vij\u00eb e ti thot\u00eb q\u00eb ta legalizoj un\u00eb, ai do t\u00eb b\u00ebhet edhe me Miloshevicin\u201d. Po k\u00ebt\u00eb un\u00eb e kam th\u00ebn\u00eb edhe n\u00eb studio televizive.<\/p>\n<p>Aty them se \u201cp\u00ebr mas\u00ebn q\u00eb nuk legalizohen dot, diku p\u00ebr shkak te nenit 35, diku n\u00eb zonat q\u00eb p\u00ebrmbyten, apo zonat e mbrojtura, \u00ebsht\u00eb kriminale t\u00eb b\u00ebhen\u201d. Po kush m\u00eb thot\u00eb q\u00eb nuk \u00ebsht\u00eb k\u00ebshtu dhe, edhe k\u00ebt\u00eb e kam th\u00ebn\u00eb gjithmon\u00eb publikisht. A nuk \u00ebsht\u00eb kriminale t\u00eb legalizosh n\u00eb zona t\u00eb mbrojtura apo n\u00eb tok\u00eb me pronar?!<\/p>\n<p>Dhe pik\u00ebrisht me k\u00ebto halle dhe p\u00ebr k\u00ebto halle, ne b\u00ebm\u00eb me ligjin e ri 20\/20 q\u00eb u miratua m\u00eb pas, pas k\u00ebtyre diskutimeve, ligj i cili parashikon pik\u00ebrisht k\u00ebt\u00eb gj\u00eb, q\u00eb objektet q\u00eb nuk mund t\u00eb legalizohen do t\u00eb p\u00ebrfitojn\u00eb d\u00ebmshp\u00ebrblimin.<\/p>\n<p>Ky ligj i jepo zgjidhjen t\u00eb gjith\u00eb kategorive p\u00ebr t\u00eb cilat un\u00eb kam ngritur shqet\u00ebsimin n\u00eb at\u00eb takim, n\u00eb diskutimet publike dhe deri n\u00eb komisionet parlamentare kur u diskutua.<\/p>\n<p>Rezultati: Ligji 20\/20 parashikon zgjidhje p\u00ebr t\u00eb gjitha kategorit\u00eb q\u00eb p\u00ebrmendja dhe ngrija shqet\u00ebsimin me z\u00eb dhe me figur\u00eb.<\/p>\n<p>E folura ime aty \u00ebsht\u00eb politike. Po natyrisht q\u00eb politike do t\u00eb jet\u00eb, se un\u00eb di t\u00eb trajtoj problemin politikisht kur flitet p\u00ebr zgjidhje politike, ashtu si\u00e7 di ta trajtoj teknikisht kur flitet p\u00ebr \u00e7\u00ebshtje teknike, apo si historian kur flitet p\u00ebr \u00e7\u00ebshtje historike.<\/p>\n<p>Sfidoj p\u00ebrgjuesit dhe PD-n\u00eb, t\u00eb gjejn\u00eb nj\u00eb kategori nd\u00ebrtimesh q\u00eb un\u00eb kam p\u00ebrmendur aty dhe ne nuk e zgjidh\u00ebm me at\u00eb ligj. E kan\u00eb t\u00eb leht\u00eb ta b\u00ebjn\u00eb, sepse tani kan\u00eb n\u00eb dor\u00eb edhe regjistrimin e atij takimi. Un\u00eb nuk kam regjistrimin por ligjin q\u00eb po vepron.<\/p>","protected":false},"excerpt":{"rendered":"<p>Dit\u00ebn e sotme gazetari Artan Hoxha publikoi nj\u00eb regjistrim zanor t\u00eb kreut t\u00eb Kadastr\u00ebs Shqiptare Artan Lame, i cili fliste p\u00ebr 320 mij\u00eb prona q\u00eb ishin n\u00eb proces legalizimi. Ky regjistrim qarkulloi n\u00ebmedia dhe u cil\u00ebsua si skandal, por vet\u00eb Artan Lame ka reaguar n\u00eb lidhje me k\u00ebt\u00eb regjistrim, ku sqaron se ajo bised\u00eb \u00ebsht\u00eb [&hellip;]<\/p>\n","protected":false},"author":2031,"featured_media":178668,"comment_status":"closed","ping_status":"closed","sticky":false,"template":"","format":"standard","meta":{"footnotes":""},"categories":[231],"tags":[312,2556,329],"class_list":{"0":"post-178667","1":"post","2":"type-post","3":"status-publish","4":"format-standard","5":"has-post-thumbnail","7":"category-lajme","8":"tag-lajme","9":"tag-lame","10":"tag-zjarr-tv"},"_links":{"self":[{"href":"https:\/\/zjarr.tv\/en\/wp-json\/wp\/v2\/posts\/178667","targetHints":{"allow":["GET"]}}],"collection":[{"href":"https:\/\/zjarr.tv\/en\/wp-json\/wp\/v2\/posts"}],"about":[{"href":"https:\/\/zjarr.tv\/en\/wp-json\/wp\/v2\/types\/post"}],"author":[{"embeddable":true,"href":"https:\/\/zjarr.tv\/en\/wp-json\/wp\/v2\/users\/2031"}],"replies":[{"embeddable":true,"href":"https:\/\/zjarr.tv\/en\/wp-json\/wp\/v2\/comments?post=178667"}],"version-history":[{"count":0,"href":"https:\/\/zjarr.tv\/en\/wp-json\/wp\/v2\/posts\/178667\/revisions"}],"wp:featuredmedia":[{"embeddable":true,"href":"https:\/\/zjarr.tv\/en\/wp-json\/wp\/v2\/media\/178668"}],"wp:attachment":[{"href":"https:\/\/zjarr.tv\/en\/wp-json\/wp\/v2\/media?parent=178667"}],"wp:term":[{"taxonomy":"category","embeddable":true,"href":"https:\/\/zjarr.tv\/en\/wp-json\/wp\/v2\/categories?post=178667"},{"taxonomy":"post_tag","embeddable":true,"href":"https:\/\/zjarr.tv\/en\/wp-json\/wp\/v2\/tags?post=178667"}],"curies":[{"name":"wp","href":"https:\/\/api.w.org\/{rel}","templated":true}]}}