{"id":178686,"date":"2021-04-20T18:30:48","date_gmt":"2021-04-20T16:30:48","guid":{"rendered":"https:\/\/zjarr.tv\/?p=178686"},"modified":"2021-04-20T18:30:48","modified_gmt":"2021-04-20T16:30:48","slug":"edi-rama-tregon-numrat-e-kartes-se-tij-id-kujt-i-duhet-ky-numer","status":"publish","type":"post","link":"https:\/\/zjarr.tv\/en\/edi-rama-tregon-numrat-e-kartes-se-tij-id-kujt-i-duhet-ky-numer\/","title":{"rendered":"Edi Rama tregon numrat e kart\u00ebs s\u00eb tij ID: Kujt i duhet ky num\u00ebr?"},"content":{"rendered":"<p>Kryeministri Edi Rama dit\u00ebn e sotme ka zhvilluar takimin e radh\u00ebs n\u00eb kuad\u00ebr t\u00eb fushat\u00ebs elektorale n\u00eb qytetin e Elbasanit.<\/p>\n<p>Takimi me mb\u00ebshtet\u00ebsit socialist \u00ebsht\u00eb zhvilluar n\u00eb stadiumin \u201cElbasan Arena\u201d, i cili ishte mbushur plot nga qytetar\u00ebt e Elbasanit. Rama gjat\u00eb fjal\u00ebs s\u00eb tij foli p\u00ebr \u00e7\u00ebshtjen e patronazhist\u00ebve, ku nuk ngurroi t\u00eb jap\u00eb numrin e tij t\u00eb kart\u00ebs s\u00eb identitetit para t\u00eb gjith\u00eb qytetar\u00ebve, duke th\u00ebn\u00eb se k\u00ebto numra nuk i hyjn\u00eb n\u00eb pun\u00eb askujt, ndaj qytetar\u00ebt nuk duhet t\u00eb shqet\u00ebsoh\u00ebn.<\/p>\n<p>\u201cE ndjeva veten pjes\u00eb t\u00eb nj\u00eb skuadre komb\u00ebtare q\u00eb n\u00eb 25 prill nuk do t\u00eb shkoj\u00eb te kutia e votimit p\u00ebr nj\u00eb pakl\u00eb, por p\u00ebr \u00e7do shqiptar. Jam shum\u00eb i frym\u00ebzuar nga gjith\u00eb k\u00ebto dit\u00eb rrug\u00ebtimi, n\u00eb k\u00ebto stacione kaq t\u00eb bukura. N\u00eb k\u00ebto stacione ku i japim Shqip\u00ebris\u00eb nj\u00eb mesazh t\u00eb qart\u00eb, se ne e duam shtetin p\u00ebr Shqip\u00ebrin\u00eb.<\/p>\n<p>Un\u00eb kam marr\u00eb me vete kart\u00ebn e identitetit dhe dua t\u2019ju lezoj numrin tim t\u00eb identiteti. T\u2019ua lexoj t\u00eb gjith\u00eb atyre t\u00eb shqet\u00ebsuarve nga kjo p\u00ebrpjekje p\u00ebr t\u2019i futur ankthin, sikur ca ka ndodhur. Mbajeni sh\u00ebnim: Rama Edi, komb\u00ebsia shqiptar, lindur n\u00eb Tiran\u00eb, 04.07.1964, Numri i kart\u00ebs time \u00ebsht\u00eb G40704039G. Kujt i duhet ky num\u00ebr? \u00c7far\u00eb do b\u00ebhet me k\u00ebt\u00eb num\u00ebr? E d\u00ebgjuat Liken, m\u00eb kan\u00eb marr\u00eb kart\u00ebn tha, m\u00eb din\u00eb numrin. O Like po ne t\u00eb dim\u00eb shum\u00eb gj\u00ebra ty, ai num\u00ebr nuk i duhet askujt. Karta ID \u00ebsht\u00eb e trash\u00ebguar nga nj\u00eb kod tjet\u00ebr, nuk \u00ebsht\u00eb ende karta ID q\u00eb duhet t\u00eb jet\u00eb. Patronazhist\u00ebt tan\u00eb nuk punojn\u00eb me kartat e identitetit\u201d, tha Rama nd\u00ebr t\u00eb tjera.<\/p>","protected":false},"excerpt":{"rendered":"<p>Kryeministri Edi Rama dit\u00ebn e sotme ka zhvilluar takimin e radh\u00ebs n\u00eb kuad\u00ebr t\u00eb fushat\u00ebs elektorale n\u00eb qytetin e Elbasanit. Takimi me mb\u00ebshtet\u00ebsit socialist \u00ebsht\u00eb zhvilluar n\u00eb stadiumin \u201cElbasan Arena\u201d, i cili ishte mbushur plot nga qytetar\u00ebt e Elbasanit. Rama gjat\u00eb fjal\u00ebs s\u00eb tij foli p\u00ebr \u00e7\u00ebshtjen e patronazhist\u00ebve, ku nuk ngurroi t\u00eb jap\u00eb numrin [&hellip;]<\/p>\n","protected":false},"author":2031,"featured_media":178687,"comment_status":"closed","ping_status":"closed","sticky":false,"template":"","format":"standard","meta":{"footnotes":""},"categories":[231,235],"tags":[360,312,329],"class_list":{"0":"post-178686","1":"post","2":"type-post","3":"status-publish","4":"format-standard","5":"has-post-thumbnail","7":"category-lajme","8":"category-vendi","9":"tag-edi-rama","10":"tag-lajme","11":"tag-zjarr-tv"},"_links":{"self":[{"href":"https:\/\/zjarr.tv\/en\/wp-json\/wp\/v2\/posts\/178686","targetHints":{"allow":["GET"]}}],"collection":[{"href":"https:\/\/zjarr.tv\/en\/wp-json\/wp\/v2\/posts"}],"about":[{"href":"https:\/\/zjarr.tv\/en\/wp-json\/wp\/v2\/types\/post"}],"author":[{"embeddable":true,"href":"https:\/\/zjarr.tv\/en\/wp-json\/wp\/v2\/users\/2031"}],"replies":[{"embeddable":true,"href":"https:\/\/zjarr.tv\/en\/wp-json\/wp\/v2\/comments?post=178686"}],"version-history":[{"count":0,"href":"https:\/\/zjarr.tv\/en\/wp-json\/wp\/v2\/posts\/178686\/revisions"}],"wp:featuredmedia":[{"embeddable":true,"href":"https:\/\/zjarr.tv\/en\/wp-json\/wp\/v2\/media\/178687"}],"wp:attachment":[{"href":"https:\/\/zjarr.tv\/en\/wp-json\/wp\/v2\/media?parent=178686"}],"wp:term":[{"taxonomy":"category","embeddable":true,"href":"https:\/\/zjarr.tv\/en\/wp-json\/wp\/v2\/categories?post=178686"},{"taxonomy":"post_tag","embeddable":true,"href":"https:\/\/zjarr.tv\/en\/wp-json\/wp\/v2\/tags?post=178686"}],"curies":[{"name":"wp","href":"https:\/\/api.w.org\/{rel}","templated":true}]}}