{"id":178694,"date":"2021-04-21T05:23:40","date_gmt":"2021-04-21T03:23:40","guid":{"rendered":"https:\/\/zjarr.tv\/?p=178694"},"modified":"2021-04-21T05:23:40","modified_gmt":"2021-04-21T03:23:40","slug":"zv-ministrja-e-shendetesise-eugena-tominiparashikojme-trend-ne-rritje-javen-e-pare-te-majit-ja-kur-do-te-inagurohet-spitali-i-fierit","status":"publish","type":"post","link":"https:\/\/zjarr.tv\/en\/zv-ministrja-e-shendetesise-eugena-tominiparashikojme-trend-ne-rritje-javen-e-pare-te-majit-ja-kur-do-te-inagurohet-spitali-i-fierit\/","title":{"rendered":"Zv\/ministrja e Sh\u00ebndet\u00ebsis\u00eb, Eugena Tomini:\u201cParashikojm\u00eb trend n\u00eb rritje jav\u00ebn e par\u00eb t\u00eb Majit&#8221;\/Ja kur do t\u00eb inagurohet spitali i Fierit"},"content":{"rendered":"<p>\u201cParashikojm\u00eb trend n\u00eb rritje jav\u00ebn e par\u00eb t\u00eb Majit\u201d, Tomini zbulon se kur do t\u00eb inagurohet spitali i Fieri<\/p>\n<p>Zv\/ministrja e Sh\u00ebndet\u00ebsis\u00eb, Eugena Tomini e ftuar n\u00eb emisionin \u2018Pushteti\u2019, n\u00eb \u2018FaxNews\u2019, ka deklaruar se n\u00eb r\u00ebnien e shifrave t\u00eb infektimeve dhe shtrimeve n\u00eb spital dit\u00ebt e fundit kan\u00eb ndikuar nj\u00eb s\u00ebr\u00eb faktor\u00ebsh. Tomini u shprehet se tashm\u00eb \u00ebsht\u00eb vaksinuar nj\u00eb pjes\u00eb e mir\u00eb e popullsis\u00eb t\u00eb cil\u00ebt kan\u00eb q\u00ebn\u00eb n\u00eb hallkat kryesore t\u00eb kontakteve me njer\u00ebz.<\/p>\n<p>Nd\u00ebrkoh\u00eb Tomini shtoi se pavar\u00ebsisht se tani v\u00ebrehet nj\u00eb ulje e shifrave, parashikohet q\u00eb pas jav\u00ebs s\u00eb par\u00eb t\u00eb Majit Shqip\u00ebria t\u00eb has s\u00ebrish nj\u00eb trend n\u00eb rritje t\u00eb kurb\u00ebs.<\/p>\n<p>P\u00ebrsa i p\u00ebrket rikthimin n\u00eb shkolla t\u00eb nx\u00ebn\u00ebsve, Tomini tha se megjith\u00ebse m\u00ebsuesit jan\u00eb vaksinuar, problem mbetet fakti se nx\u00ebn\u00ebsit mund t\u00eb b\u00ebhen transmetues t\u00eb Covidit te t\u00eb af\u00ebrmit e tyre t\u00eb moshuar, ndaj dhe m\u00ebsimi online \u00ebsht\u00eb duke vazhduar.<\/p>\n<p>Tomini foli gjithashtu dhe p\u00ebr hapjen e spitalit t\u00eb Fierit, p\u00ebr t\u00eb cilin tha se inaugurimi i tij pritet t\u00eb b\u00ebhet 48 or\u00ebt e ardhshme, nd\u00ebrsa shtoi se do t\u00eb jet\u00eb nj\u00eb mb\u00ebshtetje p\u00ebr jugun e vendit.<\/p>\n<p>\u201cPlani p\u00ebr vaksinim p\u00ebrshkall\u00ebzohet me koh\u00ebn. Punonj\u00ebsit e fasoneris\u00eb jan\u00eb kategoria e radh\u00ebs q\u00eb do t\u00eb vaksinohen.<\/p>\n<p>Jan\u00eb disa faktor\u00eb q\u00eb kan\u00eb ndikuar n\u00eb uljen e shifrave t\u00eb Covid n\u00eb Shqip\u00ebri. Karantina e 50 dit\u00ebve t\u00eb para n\u00eb nivel komb\u00ebtar dhe m\u00eb pas masat e moderuara, pra nuk ka pasur masa rr\u00ebnj\u00ebsore q\u00eb i shohim n\u00eb vendet fqinje, por duhet t\u00eb theksojm\u00eb se masat e moderuara deri tani kan\u00eb dh\u00ebn\u00eb k\u00ebt\u00eb efekt.<\/p>\n<p>N\u00eb p\u00ebrgjith\u00ebsi masat e marra jan\u00eb respektuar. Nj\u00eb element tjet\u00ebr \u00ebsht\u00eb se n\u00eb dim\u00ebr kemi pasur prezenc\u00ebn e mutacioneve n\u00eb Shqip\u00ebri, pra kan\u00eb ndikuar n\u00eb kurb\u00ebn e virusit.\u00a0Vaksinimi i personelit mjek\u00ebsor, b\u00ebri t\u00eb mundur shk\u00ebputjen e nj\u00eb hallke tjet\u00ebr.<\/p>\n<p>Besoj q\u00eb ky efekt do t\u00eb vazhdoj dhe mund ta shohim dhe m\u00eb her\u00ebt.<\/p>\n<p>\u00cbsht\u00eb evidente q\u00eb masat jan\u00eb shkelur gjat\u00eb fushat\u00ebs elektorale. Niveli i transmetueshm\u00ebris\u00eb \u00ebsht\u00eb b\u00ebr\u00eb m\u00eb i lart\u00eb. Nd\u00ebrkoh\u00eb \u00ebsht\u00eb evidentuar n\u00eb minibashkit\u00eb e vogla \u00ebsht\u00eb v\u00ebn\u00eb re nj\u00eb rritje e shifrave. Duhet t\u00eb theksohet se pavar\u00ebsisht thirrjeve, asnj\u00ebri nuk \u00ebsht\u00eb v\u00ebn\u00eb n\u00eb zbatim.<\/p>\n<p>Parashikohet t\u00eb kemi nj\u00eb trend n\u00eb rritje pas jav\u00ebs s\u00eb par\u00eb t\u00eb muajit Maj.<\/p>\n<p>P\u00ebrsa i p\u00ebrket trafikut kufitar, \u00ebsht\u00eb e r\u00ebnd\u00ebsishme marrja e masave t\u00eb tilla.<\/p>\n<p>Besojm\u00eb q\u00eb incidence n\u00eb grupmosh\u00ebn parauniversitar t\u00eb vijoj\u00eb me nj\u00eb trend t\u00eb ul\u00ebt. E kuptoj jasht\u00ebzakonisht mir\u00eb impaktin q\u00eb ka komunikimi online mes m\u00ebsuesit dhe nx\u00ebn\u00ebsit, por duhet t\u00eb kuptojm\u00eb nj\u00eb nga hallkat si\u00e7 jan\u00eb m\u00ebsuesit n\u00eb shkolla jan\u00eb vaksinuar tashm\u00eb, por duhet menduar q\u00eb shum\u00eb nx\u00ebn\u00ebs kan\u00eb gjysh\u00ebr n\u00eb sht\u00ebpi. Grupmosha m\u00eb e ul\u00ebt e cila ka nj\u00eb transmetim m\u00eb t\u00eb ul\u00ebt shpresojm\u00eb q\u00eb t\u00eb vazhdojm\u00eb me m\u00ebsimet n\u00eb shkolla.<\/p>\n<p>Deri tani kemi 700 mij\u00eb doza t\u00eb ardhura deri tani. Ardhja e vaksinave q\u00eb u lajm\u00ebrua sot nga BE nuk \u00ebsht\u00eb pjes\u00eb e COVAX dhe ky \u00ebsht\u00eb nj\u00eb lajm tep\u00ebr pozitiv dhe mb\u00ebshtet\u00ebs.<\/p>\n<p>Besoj q\u00eb n\u00eb 48 or\u00ebt e ardhshme do t\u00eb hapet spitali rajonal i Fierit dhe e them me bindje q\u00eb jugu i Shqip\u00ebris\u00eb do t\u00eb ket\u00eb nj\u00eb pik\u00eb mb\u00ebshtet\u00ebse mjek\u00ebsore nj\u00ebsoj si qendra spitalore N\u00ebn\u00eb Tereza n\u00eb Tiran\u00eb.<\/p>\n<p>Prania e nj\u00eb vaksinimi masiv dhe p\u00ebrfshirjes s\u00eb shum\u00eb kategorive do t\u00eb sjell\u00eb nj\u00eb frym\u00ebmarrje t\u00eb leht\u00ebsuar me ardhjen e ver\u00ebs.\u201d, u shpreh Tomini.<\/p>","protected":false},"excerpt":{"rendered":"<p>\u201cParashikojm\u00eb trend n\u00eb rritje jav\u00ebn e par\u00eb t\u00eb Majit\u201d, Tomini zbulon se kur do t\u00eb inagurohet spitali i Fieri Zv\/ministrja e Sh\u00ebndet\u00ebsis\u00eb, Eugena Tomini e ftuar n\u00eb emisionin \u2018Pushteti\u2019, n\u00eb \u2018FaxNews\u2019, ka deklaruar se n\u00eb r\u00ebnien e shifrave t\u00eb infektimeve dhe shtrimeve n\u00eb spital dit\u00ebt e fundit kan\u00eb ndikuar nj\u00eb s\u00ebr\u00eb faktor\u00ebsh. Tomini u shprehet [&hellip;]<\/p>\n","protected":false},"author":2031,"featured_media":159236,"comment_status":"closed","ping_status":"closed","sticky":false,"template":"","format":"standard","meta":{"footnotes":""},"categories":[231,235],"tags":[2561,312,329],"class_list":{"0":"post-178694","1":"post","2":"type-post","3":"status-publish","4":"format-standard","5":"has-post-thumbnail","7":"category-lajme","8":"category-vendi","9":"tag-eugene-tomini","10":"tag-lajme","11":"tag-zjarr-tv"},"_links":{"self":[{"href":"https:\/\/zjarr.tv\/en\/wp-json\/wp\/v2\/posts\/178694","targetHints":{"allow":["GET"]}}],"collection":[{"href":"https:\/\/zjarr.tv\/en\/wp-json\/wp\/v2\/posts"}],"about":[{"href":"https:\/\/zjarr.tv\/en\/wp-json\/wp\/v2\/types\/post"}],"author":[{"embeddable":true,"href":"https:\/\/zjarr.tv\/en\/wp-json\/wp\/v2\/users\/2031"}],"replies":[{"embeddable":true,"href":"https:\/\/zjarr.tv\/en\/wp-json\/wp\/v2\/comments?post=178694"}],"version-history":[{"count":0,"href":"https:\/\/zjarr.tv\/en\/wp-json\/wp\/v2\/posts\/178694\/revisions"}],"wp:featuredmedia":[{"embeddable":true,"href":"https:\/\/zjarr.tv\/en\/wp-json\/wp\/v2\/media\/159236"}],"wp:attachment":[{"href":"https:\/\/zjarr.tv\/en\/wp-json\/wp\/v2\/media?parent=178694"}],"wp:term":[{"taxonomy":"category","embeddable":true,"href":"https:\/\/zjarr.tv\/en\/wp-json\/wp\/v2\/categories?post=178694"},{"taxonomy":"post_tag","embeddable":true,"href":"https:\/\/zjarr.tv\/en\/wp-json\/wp\/v2\/tags?post=178694"}],"curies":[{"name":"wp","href":"https:\/\/api.w.org\/{rel}","templated":true}]}}