{"id":178706,"date":"2021-04-21T08:01:07","date_gmt":"2021-04-21T06:01:07","guid":{"rendered":"https:\/\/zjarr.tv\/?p=178706"},"modified":"2021-04-21T08:01:37","modified_gmt":"2021-04-21T06:01:37","slug":"presidenti-meta-edi-ramen-e-mundi-i-vetem-ilir-babaramo-imagjono-cfare-i-ben-e-gjithe-shqiperia","status":"publish","type":"post","link":"https:\/\/zjarr.tv\/en\/presidenti-meta-edi-ramen-e-mundi-i-vetem-ilir-babaramo-imagjono-cfare-i-ben-e-gjithe-shqiperia\/","title":{"rendered":"Presidenti Meta: Edi Ram\u00ebn e mundi i vet\u00ebm Ilir Babaramo, imagjono \u00e7far\u00eb i b\u00ebn e gjith\u00eb Shqip\u00ebria\u2026"},"content":{"rendered":"<p>Duke marr\u00eb shkas nga nj\u00eb intervist\u00eb e nd\u00ebrprer\u00eb n\u00eb mes, mbr\u00ebmjen e shkuar nga Kryeministri Edi Rama, Presidenti i Republik\u00ebs, Ilir Meta thekson se kreun e qeveris\u00eb, e mundi i vet\u00ebm gazetari Ilir Babaramo.<\/p>\n<p>Presidenti shprehet se n\u00eb Shkod\u00ebr, rezultati do t\u00eb jet\u00eb 9 me 2 n\u00eb favor t\u00eb opozit\u00ebs.<\/p>\n<p>\u201cEdi Ramen e mundi Ilir Babaramo i vet\u00ebm, imagjinoni \u00e7far\u00eb i b\u00ebn atij e gjithe Shqip\u00ebria. Atij Shkodra do t\u2019ia b\u00ebj\u00eb 9 me 2\u201d- thekson Meta.<\/p>\n<p>Presidenti Meta, thekson se ka vite q\u00eb vendi \u00ebsht\u00eb n\u00eb klim\u00eb tensioni, nd\u00ebrsa u b\u00ebn thirrje qytetar\u00ebve t\u00eb shkojn\u00eb t\u00eb votojn\u00eb.<\/p>\n<p>\u201cU b\u00eb vite q\u00eb jetojm\u00eb n\u00eb klim\u00eb tensioni dhe p\u00ebrjashtimi. Kjo ndodh sepse kryeministri n\u00eb largim ka shnd\u00ebrruar shtetin n\u00eb nj\u00eb lloj\u00eb bande. Dhe e ka treguar k\u00ebt\u00eb edhe para kat\u00ebr vitesh me zgjedhjet e Dibr\u00ebs dhe Shijakut, por edhe me zgjedhjet nj\u00eb partiake moniste. Un\u00eb i b\u00ebj thirrje gjith\u00eb qytetar\u00ebve q\u00eb t\u00eb shkojn\u00eb t\u00eb votojn\u00eb me dat\u00eb 25 prill, un\u00eb jam i sigurt q\u00eb \u00e7do presion dhe shtypje do t\u00eb p\u00ebrkthehet n\u00eb derdhje pa fund votash p\u00ebr ndryshim. Te gjithe shqiptaret e dine se kemi per Kryeminister nje te Marre, nje te semure psiqik qe sot nuk tremb me askend. Ky i semure psiqik qe i ngriti gishtin Shkodres, do rendohet shume ne ditet ne vijim dhe askush nuk do ti beje me derman\u201d, u shpreh Meta n\u00eb tv lokal n\u00eb Shkod\u00ebr.<\/p>\n<p>&nbsp;<\/p>","protected":false},"excerpt":{"rendered":"<p>Duke marr\u00eb shkas nga nj\u00eb intervist\u00eb e nd\u00ebrprer\u00eb n\u00eb mes, mbr\u00ebmjen e shkuar nga Kryeministri Edi Rama, Presidenti i Republik\u00ebs, Ilir Meta thekson se kreun e qeveris\u00eb, e mundi i vet\u00ebm gazetari Ilir Babaramo. Presidenti shprehet se n\u00eb Shkod\u00ebr, rezultati do t\u00eb jet\u00eb 9 me 2 n\u00eb favor t\u00eb opozit\u00ebs. \u201cEdi Ramen e mundi Ilir [&hellip;]<\/p>\n","protected":false},"author":2016,"featured_media":178708,"comment_status":"closed","ping_status":"closed","sticky":false,"template":"","format":"standard","meta":{"footnotes":""},"categories":[241],"tags":[2564],"class_list":{"0":"post-178706","1":"post","2":"type-post","3":"status-publish","4":"format-standard","5":"has-post-thumbnail","7":"category-aktualitet","8":"tag-lajme-zjarr-meta-ramen-e-mundi-i-vetem-babaramo-zjarr-tv"},"_links":{"self":[{"href":"https:\/\/zjarr.tv\/en\/wp-json\/wp\/v2\/posts\/178706","targetHints":{"allow":["GET"]}}],"collection":[{"href":"https:\/\/zjarr.tv\/en\/wp-json\/wp\/v2\/posts"}],"about":[{"href":"https:\/\/zjarr.tv\/en\/wp-json\/wp\/v2\/types\/post"}],"author":[{"embeddable":true,"href":"https:\/\/zjarr.tv\/en\/wp-json\/wp\/v2\/users\/2016"}],"replies":[{"embeddable":true,"href":"https:\/\/zjarr.tv\/en\/wp-json\/wp\/v2\/comments?post=178706"}],"version-history":[{"count":0,"href":"https:\/\/zjarr.tv\/en\/wp-json\/wp\/v2\/posts\/178706\/revisions"}],"wp:featuredmedia":[{"embeddable":true,"href":"https:\/\/zjarr.tv\/en\/wp-json\/wp\/v2\/media\/178708"}],"wp:attachment":[{"href":"https:\/\/zjarr.tv\/en\/wp-json\/wp\/v2\/media?parent=178706"}],"wp:term":[{"taxonomy":"category","embeddable":true,"href":"https:\/\/zjarr.tv\/en\/wp-json\/wp\/v2\/categories?post=178706"},{"taxonomy":"post_tag","embeddable":true,"href":"https:\/\/zjarr.tv\/en\/wp-json\/wp\/v2\/tags?post=178706"}],"curies":[{"name":"wp","href":"https:\/\/api.w.org\/{rel}","templated":true}]}}