{"id":178710,"date":"2021-04-21T08:16:36","date_gmt":"2021-04-21T06:16:36","guid":{"rendered":"https:\/\/zjarr.tv\/?p=178710"},"modified":"2021-04-21T08:17:50","modified_gmt":"2021-04-21T06:17:50","slug":"ne-cfare-pozicioni-e-sheh-veten-monika-kryemadhi-nese-fiton-zgjedhjet","status":"publish","type":"post","link":"https:\/\/zjarr.tv\/en\/ne-cfare-pozicioni-e-sheh-veten-monika-kryemadhi-nese-fiton-zgjedhjet\/","title":{"rendered":"N\u00eb \u00e7far\u00eb pozicioni e sheh veten Monika Kryemadhi n\u00ebse fiton zgjedhjet"},"content":{"rendered":"<p>Kryetarja e L\u00ebvizjes Socialiste p\u00ebr Integrim, Monika Kryemadhi, shprehet se n\u00eb rast t\u00eb fitores s\u00eb opozit\u00ebs n\u00eb Zgjedhjet e 25 Prillit, p\u00ebrgjegj\u00ebsia dhe angazhimi n\u00eb qeverisjen e re, do t\u00eb b\u00ebhet n\u00eb proporcion me rezultatin.<\/p>\n<p><strong>Nj\u00eb nga pikat kryesore \u00ebsht\u00eb nj\u00eb diskutim lidhur me ndarjen e nj\u00eb qeverie t\u00eb ardhshme, \u00e7far\u00eb pozicioni do keni ju dhe n\u00eb \u00e7far\u00eb pozicioni e shihni, n\u00eb rast se fitoni, koalicionin me PD?<\/strong><\/p>\n<p><em>\u201cNe kemi nj\u00eb marr\u00ebveshje t\u00eb dakord\u00ebsuar me 1 Mars, q\u00eb jan\u00eb 13 prioritete. Prioritetet jan\u00eb 13 pika q\u00eb kan\u00eb t\u00eb b\u00ebjn\u00eb p\u00ebr sa i p\u00ebrket problematikave programore dhe angazhimeve t\u00eb secilit, por themi formacion politik. Kemi vendosur n\u00eb baz\u00eb t\u00eb rezultatit, n\u00eb proporcion t\u00eb rezultatit \u00ebsht\u00eb edhe p\u00ebrgjegj\u00ebsia dhe angazhimi n\u00eb qeverisje.\u00a0 Nj\u00eb nga pikat kryesore \u00ebsht\u00eb check and balance, pra kontroll dhe balanc\u00eb, nj\u00eb nga gj\u00ebrat q\u00eb duhet t\u00eb jet\u00eb, p\u00ebr arsye sepse sot nuk \u00ebsht\u00eb m\u00eb \u00e7\u00ebshtja p\u00ebr t\u00eb pasur karrige ministrore dhe emra q\u00eb jan\u00eb kukulla, qoft\u00eb t\u00eb kryetar\u00ebve t\u00eb partive, apo qoft\u00eb partive politike apo individ\u00ebve, por b\u00ebhet fjal\u00eb p\u00ebr pasur nj\u00eb struktur\u00eb qeveris\u00ebse drejtuese, qeverisje p\u00ebr t\u00eb \u00e7uar Shqip\u00ebrin\u00eb t\u00eb sigurt drejt BE.<\/em><\/p>\n<p>&nbsp;<\/p>","protected":false},"excerpt":{"rendered":"<p>Kryetarja e L\u00ebvizjes Socialiste p\u00ebr Integrim, Monika Kryemadhi, shprehet se n\u00eb rast t\u00eb fitores s\u00eb opozit\u00ebs n\u00eb Zgjedhjet e 25 Prillit, p\u00ebrgjegj\u00ebsia dhe angazhimi n\u00eb qeverisjen e re, do t\u00eb b\u00ebhet n\u00eb proporcion me rezultatin. Nj\u00eb nga pikat kryesore \u00ebsht\u00eb nj\u00eb diskutim lidhur me ndarjen e nj\u00eb qeverie t\u00eb ardhshme, \u00e7far\u00eb pozicioni do keni ju [&hellip;]<\/p>\n","protected":false},"author":2016,"featured_media":178712,"comment_status":"closed","ping_status":"closed","sticky":false,"template":"","format":"standard","meta":{"footnotes":""},"categories":[241,1454],"tags":[2565],"class_list":{"0":"post-178710","1":"post","2":"type-post","3":"status-publish","4":"format-standard","5":"has-post-thumbnail","7":"category-aktualitet","8":"category-politike","9":"tag-lajme-zjarr-kryemadhi-flet-per-zgjedhjet-zjarr-tv"},"_links":{"self":[{"href":"https:\/\/zjarr.tv\/en\/wp-json\/wp\/v2\/posts\/178710","targetHints":{"allow":["GET"]}}],"collection":[{"href":"https:\/\/zjarr.tv\/en\/wp-json\/wp\/v2\/posts"}],"about":[{"href":"https:\/\/zjarr.tv\/en\/wp-json\/wp\/v2\/types\/post"}],"author":[{"embeddable":true,"href":"https:\/\/zjarr.tv\/en\/wp-json\/wp\/v2\/users\/2016"}],"replies":[{"embeddable":true,"href":"https:\/\/zjarr.tv\/en\/wp-json\/wp\/v2\/comments?post=178710"}],"version-history":[{"count":0,"href":"https:\/\/zjarr.tv\/en\/wp-json\/wp\/v2\/posts\/178710\/revisions"}],"wp:featuredmedia":[{"embeddable":true,"href":"https:\/\/zjarr.tv\/en\/wp-json\/wp\/v2\/media\/178712"}],"wp:attachment":[{"href":"https:\/\/zjarr.tv\/en\/wp-json\/wp\/v2\/media?parent=178710"}],"wp:term":[{"taxonomy":"category","embeddable":true,"href":"https:\/\/zjarr.tv\/en\/wp-json\/wp\/v2\/categories?post=178710"},{"taxonomy":"post_tag","embeddable":true,"href":"https:\/\/zjarr.tv\/en\/wp-json\/wp\/v2\/tags?post=178710"}],"curies":[{"name":"wp","href":"https:\/\/api.w.org\/{rel}","templated":true}]}}